{"id":8705,"date":"2020-02-12T22:18:43","date_gmt":"2020-02-13T04:18:43","guid":{"rendered":"http:\/\/www.zonaroja.com.mx\/?p=8705"},"modified":"2020-02-12T22:19:52","modified_gmt":"2020-02-13T04:19:52","slug":"llama-congreso-a-universidades-para-sumar-esfuerzos-contra-violencia-de-genero","status":"publish","type":"post","link":"https:\/\/zonaroja.com.mx\/?p=8705","title":{"rendered":"Llama Congreso a universidades para sumar esfuerzos contra violencia de g\u00e9nero"},"content":{"rendered":"\n<p>Redacci\u00f3n\/Zona\nRoja.<\/p>\n\n\n\n<p>Oaxaca de\nJu\u00e1rez, Oax., 12 de febrero de 2020.- A fin de prevenir que la ola de violencia\ncontra las mujeres escale a grandes dimensiones en el \u00e1mbito educativo, a\npropuesta del diputado Horacio Sosa, el Congreso de Oaxaca, exhort\u00f3 a\nautoridades universitarias, tanto p\u00fablicas como privadas, a sumarse a un\nproyecto encaminado a erradicar la violencia de g\u00e9nero en las universidades.<\/p>\n\n\n\n<p>Se trata del\nconvenio \u201cPor una educaci\u00f3n superior libre de violencia de g\u00e9nero en el estado\nde Oaxaca\u201d, iniciativa que surgi\u00f3 luego del conversatorio \u201cUniversidades por la\nerradicaci\u00f3n de la violencia de g\u00e9nero\u201d, donde se realizaron propuestas para la\nprevenci\u00f3n, la atenci\u00f3n y la sanci\u00f3n de la violencia de g\u00e9nero contra las\nmujeres, a trav\u00e9s del cual se establece el compromiso de luchar por una\nsociedad igualitaria, sin discriminaci\u00f3n ni sexismo.<\/p>\n\n\n\n<p>El presidente de la Junta de Coordinaci\u00f3n Pol\u00edtica reconoci\u00f3 que el hostigamiento y el acoso contra las mujeres es una realidad en Oaxaca, del cual no est\u00e1n ajenas las universidades e instituciones de educaci\u00f3n superior. <\/p>\n\n\n\n<figure class=\"wp-block-embed-twitter wp-block-embed is-type-rich is-provider-twitter\"><div class=\"wp-block-embed__wrapper\">\n<div class=\"twitter-tweet\"><blockquote class=\"twitter-tweet\" data-lang=\"es\"><p lang=\"es\" dir=\"ltr\"><a href=\"https:\/\/twitter.com\/hashtag\/%C3%9AlltimoMinuto?src=hash&amp;ref_src=twsrc%5Etfw\">#\u00dalltimoMinuto<\/a><br>Con 32 votos, el pleno del <a href=\"https:\/\/twitter.com\/CongresoOaxLXIV?ref_src=twsrc%5Etfw\">@CongresoOaxLXIV<\/a> aprob\u00f3 hoy un punto de acuerdo presentado por el diputado <a href=\"https:\/\/twitter.com\/HoracioSosaOax?ref_src=twsrc%5Etfw\">@HoracioSosaOax<\/a> para exhortar a las instituciones educativas a coordinarse y combatir la violencia de g\u00e9nero. <a href=\"https:\/\/t.co\/Z9afX4M6O3\">pic.twitter.com\/Z9afX4M6O3<\/a><\/p>&mdash; Zona Roja Oaxaca (@MexRoja) <a href=\"https:\/\/twitter.com\/MexRoja\/status\/1227689458251816960?ref_src=twsrc%5Etfw\">12 de febrero de 2020<\/a><\/blockquote><\/div>\n<\/div><\/figure>\n\n\n\n<p>\u201cEste es un\nproblema social grave, que afecta las posibilidades de desarrollo e integraci\u00f3n\na la vida p\u00fablica para un poco m\u00e1s de la mitad de la poblaci\u00f3n\u201d, dijo Horacio\nSosa.<\/p>\n\n\n\n<p>Detall\u00f3 que\nde acuerdo con la investigadora en la materia, la doctora Leticia Brise\u00f1o, las\nuniversidades p\u00fablicas estatales en M\u00e9xico, enfrentan una situaci\u00f3n grave de\nviolencia, en espec\u00edfico de acoso y hostigamiento sexual, ello luego de un\nestudio realizado en cuatro universidades p\u00fablicas en el sur-sureste del pa\u00eds,\nque arrojaron esta situaci\u00f3n.<\/p>\n\n\n\n<p>En este\ncontexto, dio a conocer que desde el pasado 4 de noviembre, un grupo de\nestudiantes mantiene tomadas las instalaciones de la Facultad de Filosof\u00eda y\nLetras de la UNAM, en demanda de acciones de las autoridades universitarias\npara detener la violencia contra las mujeres en el interior del campus,\nsituaci\u00f3n que ha paralizado las actividades en la m\u00e1xima casa de estudios en M\u00e9xico.<\/p>\n\n\n\n<p>En este\nsentido, el diputado por el Partido Morena hizo un llamado al Pleno Legislativo\npara aprobar de manera urgente la propuesta, \u201cno necesitamos que la sangre\nllegue al r\u00edo para escuchar y tomar medidas dirigidas a solucionar la\nproblem\u00e1tica diversa que afecta al pueblo\u201d; el exhorto fue avalado con 32 votos\na favor.<\/p>\n\n\n\n<p>Finalmente,\nasever\u00f3 que la violencia de g\u00e9nero contra las mujeres es un atentado contra la\ndignidad y la integridad de al menos la mitad de la poblaci\u00f3n; es un atentado\ncontra la democracia y contra la aspiraci\u00f3n com\u00fan de arribar a una sociedad\nigualitaria.<\/p>\n","protected":false},"excerpt":{"rendered":"<p>Redacci\u00f3n\/Zona Roja. Oaxaca de Ju\u00e1rez, Oax., 12 de febrero de 2020.- A fin de prevenir&hellip;<\/p>\n","protected":false},"author":2,"featured_media":8706,"comment_status":"closed","ping_status":"open","sticky":false,"template":"","format":"standard","meta":{"_lmt_disableupdate":"","_lmt_disable":"","_jetpack_memberships_contains_paid_content":false,"footnotes":""},"categories":[109,47],"tags":[444],"class_list":["post-8705","post","type-post","status-publish","format-standard","has-post-thumbnail","hentry","category-minuto-a-minuto","category-zona-gris","tag-horacio-sosa-villavicencio"],"jetpack_featured_media_url":"https:\/\/zonaroja.com.mx\/wp-content\/uploads\/2020\/02\/Horacio-Sosa-tribuna.jpg","jetpack_sharing_enabled":true,"_links":{"self":[{"href":"https:\/\/zonaroja.com.mx\/index.php?rest_route=\/wp\/v2\/posts\/8705","targetHints":{"allow":["GET"]}}],"collection":[{"href":"https:\/\/zonaroja.com.mx\/index.php?rest_route=\/wp\/v2\/posts"}],"about":[{"href":"https:\/\/zonaroja.com.mx\/index.php?rest_route=\/wp\/v2\/types\/post"}],"author":[{"embeddable":true,"href":"https:\/\/zonaroja.com.mx\/index.php?rest_route=\/wp\/v2\/users\/2"}],"replies":[{"embeddable":true,"href":"https:\/\/zonaroja.com.mx\/index.php?rest_route=%2Fwp%2Fv2%2Fcomments&post=8705"}],"version-history":[{"count":2,"href":"https:\/\/zonaroja.com.mx\/index.php?rest_route=\/wp\/v2\/posts\/8705\/revisions"}],"predecessor-version":[{"id":8708,"href":"https:\/\/zonaroja.com.mx\/index.php?rest_route=\/wp\/v2\/posts\/8705\/revisions\/8708"}],"wp:featuredmedia":[{"embeddable":true,"href":"https:\/\/zonaroja.com.mx\/index.php?rest_route=\/wp\/v2\/media\/8706"}],"wp:attachment":[{"href":"https:\/\/zonaroja.com.mx\/index.php?rest_route=%2Fwp%2Fv2%2Fmedia&parent=8705"}],"wp:term":[{"taxonomy":"category","embeddable":true,"href":"https:\/\/zonaroja.com.mx\/index.php?rest_route=%2Fwp%2Fv2%2Fcategories&post=8705"},{"taxonomy":"post_tag","embeddable":true,"href":"https:\/\/zonaroja.com.mx\/index.php?rest_route=%2Fwp%2Fv2%2Ftags&post=8705"}],"curies":[{"name":"wp","href":"https:\/\/api.w.org\/{rel}","templated":true}]}}