{"id":87051,"date":"2025-11-18T20:04:01","date_gmt":"2025-11-19T02:04:01","guid":{"rendered":"https:\/\/zonaroja.com.mx\/?p=87051"},"modified":"2025-11-18T20:04:21","modified_gmt":"2025-11-19T02:04:21","slug":"ex-jueces-y-ex-magistrados-denuncian-opacidad-de-la-scjn-en-indemnizaciones","status":"publish","type":"post","link":"https:\/\/zonaroja.com.mx\/?p=87051","title":{"rendered":"Ex jueces y ex magistrados denuncian opacidad en indemnizaciones\u00a0"},"content":{"rendered":"\n<p>Redacci\u00f3n\/Zona Roja Cdmx.<\/p>\n\n\n\n<p>(Informaci\u00f3n de L\u00f3pez-D\u00f3riga Digital)<\/p>\n\n\n\n<p>Ciudad de M\u00e9xico, a 18 de noviembre de 2025.- Un grupo de jueces y magistrados federales cesados manifest\u00f3 su inconformidad tras una reuni\u00f3n sostenida con el \u00d3rgano de Administraci\u00f3n Judicial (OAJ), en la que, seg\u00fan se\u00f1alaron, no se proporcion\u00f3 informaci\u00f3n sobre el proceso de pago de indemnizaciones previsto en las reformas constitucionales y legales aprobadas en 2024.<\/p>\n\n\n\n<p>De acuerdo con un comunicado difundido por las personas juzgadoras afectadas, el OAJ hab\u00eda acordado recibir el 14 de noviembre a un comit\u00e9 de representantes para analizar conjuntamente los criterios de c\u00e1lculo y entrega de los pagos indemnizatorios contemplados en el D\u00e9cimo Transitorio de la reforma constitucional del 15 de septiembre de 2024 y en el Vig\u00e9simo Transitorio de la reforma a la Ley Org\u00e1nica del Poder Judicial de la Federaci\u00f3n. No obstante, afirmaron que la reuni\u00f3n result\u00f3 \u201cinfructuosa\u201d.<\/p>\n\n\n\n<p>Seg\u00fan el documento, en lugar de funcionarios con capacidad de decisi\u00f3n, los asistentes fueron atendidos por personal de nivel operativo del \u00e1rea de Recursos Humanos, quienes \u2014expusieron\u2014 acudieron con la instrucci\u00f3n de no proporcionar informaci\u00f3n detallada sobre el proceso. Las respuestas, indicaron, se limitaron a se\u00f1alar que cada tema \u201cse estaba analizando\u201d.<\/p>\n\n\n\n<p>Los jueces y magistrados cesados expresaron su preocupaci\u00f3n por la \u201cfalta de transparencia\u201d en torno al destino de los recursos destinados a las liquidaciones. Se\u00f1alaron que la Secretar\u00eda de Hacienda y Cr\u00e9dito P\u00fablico liber\u00f3 recientemente seis mil 500 millones de pesos para cubrir estas indemnizaciones, por lo que consideraron necesario aclarar el uso y distribuci\u00f3n del monto.<\/p>\n\n\n\n<p>Tambi\u00e9n cuestionaron la ausencia de informaci\u00f3n respecto del universo de personas beneficiarias, el m\u00e9todo para integrar el salario base de cotizaci\u00f3n y los criterios para el pago correspondiente a tres meses m\u00e1s veinte d\u00edas por a\u00f1o de servicio, como establece la Constituci\u00f3n. De acuerdo con el comunicado, los pagos est\u00e1n programados para el 10 de diciembre de 2025.<\/p>\n\n\n\n<p>El grupo afirm\u00f3 que estas omisiones generan un \u201criesgo real\u201d de manejo inadecuado de los recursos y llamaron al OAJ a transparentar el proceso.<\/p>\n","protected":false},"excerpt":{"rendered":"<p>Redacci\u00f3n\/Zona Roja Cdmx. (Informaci\u00f3n de L\u00f3pez-D\u00f3riga Digital) Ciudad de M\u00e9xico, a 18 de noviembre de&hellip;<\/p>\n","protected":false},"author":2,"featured_media":87054,"comment_status":"closed","ping_status":"open","sticky":false,"template":"","format":"standard","meta":{"_lmt_disableupdate":"","_lmt_disable":"","_jetpack_memberships_contains_paid_content":false,"footnotes":""},"categories":[109,47],"tags":[3707],"class_list":["post-87051","post","type-post","status-publish","format-standard","has-post-thumbnail","hentry","category-minuto-a-minuto","category-zona-gris","tag-poder-judicial-de-la-federacion"],"jetpack_featured_media_url":"https:\/\/zonaroja.com.mx\/wp-content\/uploads\/2025\/11\/Jueces-y-magistrados-cesados-indemnizacion-.png.jpeg","jetpack_sharing_enabled":true,"_links":{"self":[{"href":"https:\/\/zonaroja.com.mx\/index.php?rest_route=\/wp\/v2\/posts\/87051","targetHints":{"allow":["GET"]}}],"collection":[{"href":"https:\/\/zonaroja.com.mx\/index.php?rest_route=\/wp\/v2\/posts"}],"about":[{"href":"https:\/\/zonaroja.com.mx\/index.php?rest_route=\/wp\/v2\/types\/post"}],"author":[{"embeddable":true,"href":"https:\/\/zonaroja.com.mx\/index.php?rest_route=\/wp\/v2\/users\/2"}],"replies":[{"embeddable":true,"href":"https:\/\/zonaroja.com.mx\/index.php?rest_route=%2Fwp%2Fv2%2Fcomments&post=87051"}],"version-history":[{"count":2,"href":"https:\/\/zonaroja.com.mx\/index.php?rest_route=\/wp\/v2\/posts\/87051\/revisions"}],"predecessor-version":[{"id":87056,"href":"https:\/\/zonaroja.com.mx\/index.php?rest_route=\/wp\/v2\/posts\/87051\/revisions\/87056"}],"wp:featuredmedia":[{"embeddable":true,"href":"https:\/\/zonaroja.com.mx\/index.php?rest_route=\/wp\/v2\/media\/87054"}],"wp:attachment":[{"href":"https:\/\/zonaroja.com.mx\/index.php?rest_route=%2Fwp%2Fv2%2Fmedia&parent=87051"}],"wp:term":[{"taxonomy":"category","embeddable":true,"href":"https:\/\/zonaroja.com.mx\/index.php?rest_route=%2Fwp%2Fv2%2Fcategories&post=87051"},{"taxonomy":"post_tag","embeddable":true,"href":"https:\/\/zonaroja.com.mx\/index.php?rest_route=%2Fwp%2Fv2%2Ftags&post=87051"}],"curies":[{"name":"wp","href":"https:\/\/api.w.org\/{rel}","templated":true}]}}