{"id":87057,"date":"2025-11-18T20:59:31","date_gmt":"2025-11-19T02:59:31","guid":{"rendered":"https:\/\/zonaroja.com.mx\/?p=87057"},"modified":"2025-11-18T20:59:33","modified_gmt":"2025-11-19T02:59:33","slug":"asesinan-a-otras-dos-personas-en-la-region-costa-de-oaxaca","status":"publish","type":"post","link":"https:\/\/zonaroja.com.mx\/?p=87057","title":{"rendered":"Asesinan a otras dos personas en la regi\u00f3n Costa de Oaxaca"},"content":{"rendered":"\n<p>Raymundo Morales\/Zona Roja.<\/p>\n\n\n\n<p>Oaxaca, Oax., a 18 de noviembre de 2025.- Otras dos personas fueron asesinadas a balazos este martes en la regi\u00f3n Costa del estado de Oaxaca.<\/p>\n\n\n\n<p>El doble homicidio ocurri\u00f3 durante la tarde en la comunidad de Collantes, perteneciente al municipio de Santiago Pinotepa Nacional, durante un ataque armado en un domicilio particular.<\/p>\n\n\n\n<p>Las v\u00edctimas fueron identificadas de manera preliminar como Mart\u00edn F., de 47 a\u00f1os de edad, y Marcos F. C., de 28 a\u00f1os, este \u00faltimo montador de toros en jaripeos; un cuerpo fue sacado a la calle, con huellas de tortura.<\/p>\n\n\n\n<p>Los agresores escaparon presuntamente a bordo de una motocicleta y hasta el momento no han sido localizados.<\/p>\n\n\n\n<p>Personal de la Vicefiscal\u00eda Regional de la Costa, dependiente de la Fiscal\u00eda General del Estado de Oaxaca, contin\u00faa las indagatorias para esclarecer el caso y procurar justicia.<\/p>\n\n\n\n<p>Como se inform\u00f3, en la ma\u00f1ana fueron ultimados a balazos dos individuos, a bordo de un veh\u00edculo de motor, propiedad de un rancho ganadero, que fue hallado cerca de la carretera federal 200 de la Costa, jurisdicci\u00f3n del municipio de Santa Catarina Mechoac\u00e1n.<\/p>\n","protected":false},"excerpt":{"rendered":"<p>Raymundo Morales\/Zona Roja. Oaxaca, Oax., a 18 de noviembre de 2025.- Otras dos personas fueron&hellip;<\/p>\n","protected":false},"author":2,"featured_media":87058,"comment_status":"closed","ping_status":"open","sticky":false,"template":"","format":"standard","meta":{"_lmt_disableupdate":"","_lmt_disable":"","_jetpack_memberships_contains_paid_content":false,"footnotes":""},"categories":[109,51],"tags":[3108],"class_list":["post-87057","post","type-post","status-publish","format-standard","has-post-thumbnail","hentry","category-minuto-a-minuto","category-zona-roja","tag-collantes-pinotepa-nacional"],"jetpack_featured_media_url":"https:\/\/zonaroja.com.mx\/wp-content\/uploads\/2025\/11\/Dos-ejecutados-Collantes-Pinotepa.jpg","jetpack_sharing_enabled":true,"_links":{"self":[{"href":"https:\/\/zonaroja.com.mx\/index.php?rest_route=\/wp\/v2\/posts\/87057","targetHints":{"allow":["GET"]}}],"collection":[{"href":"https:\/\/zonaroja.com.mx\/index.php?rest_route=\/wp\/v2\/posts"}],"about":[{"href":"https:\/\/zonaroja.com.mx\/index.php?rest_route=\/wp\/v2\/types\/post"}],"author":[{"embeddable":true,"href":"https:\/\/zonaroja.com.mx\/index.php?rest_route=\/wp\/v2\/users\/2"}],"replies":[{"embeddable":true,"href":"https:\/\/zonaroja.com.mx\/index.php?rest_route=%2Fwp%2Fv2%2Fcomments&post=87057"}],"version-history":[{"count":1,"href":"https:\/\/zonaroja.com.mx\/index.php?rest_route=\/wp\/v2\/posts\/87057\/revisions"}],"predecessor-version":[{"id":87059,"href":"https:\/\/zonaroja.com.mx\/index.php?rest_route=\/wp\/v2\/posts\/87057\/revisions\/87059"}],"wp:featuredmedia":[{"embeddable":true,"href":"https:\/\/zonaroja.com.mx\/index.php?rest_route=\/wp\/v2\/media\/87058"}],"wp:attachment":[{"href":"https:\/\/zonaroja.com.mx\/index.php?rest_route=%2Fwp%2Fv2%2Fmedia&parent=87057"}],"wp:term":[{"taxonomy":"category","embeddable":true,"href":"https:\/\/zonaroja.com.mx\/index.php?rest_route=%2Fwp%2Fv2%2Fcategories&post=87057"},{"taxonomy":"post_tag","embeddable":true,"href":"https:\/\/zonaroja.com.mx\/index.php?rest_route=%2Fwp%2Fv2%2Ftags&post=87057"}],"curies":[{"name":"wp","href":"https:\/\/api.w.org\/{rel}","templated":true}]}}