{"id":87060,"date":"2025-11-18T21:25:38","date_gmt":"2025-11-19T03:25:38","guid":{"rendered":"https:\/\/zonaroja.com.mx\/?p=87060"},"modified":"2025-11-18T21:25:40","modified_gmt":"2025-11-19T03:25:40","slug":"no-cesan-las-protestas-y-bloqueos-carreteros-en-oaxaca","status":"publish","type":"post","link":"https:\/\/zonaroja.com.mx\/?p=87060","title":{"rendered":"No cesan las protestas y bloqueos carreteros en Oaxaca"},"content":{"rendered":"\n<p>Lisbeth Mej\u00eda Reyes\/Zona Roja.<\/p>\n\n\n\n<p>Oaxaca, Oax., a 18 de noviembre de 2025.- Durante este lunes y martes se registraron al menos cinco protestas en el estado de Oaxaca, a trav\u00e9s de las cuales se denunciaron problemas como acoso escolar, adem\u00e1s de que se exigi\u00f3 la entrega de recursos p\u00fablicos y la garant\u00eda de servicios b\u00e1sicos.<\/p>\n\n\n\n<p>Una de las protestas que llevas varios d\u00edas e incluso semanas es la de la escuela secundaria \u201cMacedonio Alcal\u00e1\u201d, ubicada en la agencia Cruz Blanca, de Cuil\u00e1pam de Guerrero, debido a denuncias de acoso escolar.<\/p>\n\n\n\n<p>Este martes, la protesta de padres de familia escal\u00f3 al grado de que decidieron \u201ctomar\u201d la instituci\u00f3n para exigir la salida de la directora y docentes, pues se\u00f1alaron que ya son varios casos de bullying o acoso escolar y las autoridades educativas no han actuado para frenar el problema.<\/p>\n\n\n\n<p>Mediante carteles y documentos pegados en la entrada de la escuela, las y los tutores tambi\u00e9n exigieron la intervenci\u00f3n del Instituto Estatal de Educaci\u00f3n P\u00fablica de Oaxaca (IEEPO). Sin embargo, hasta ahora el instituto no se ha pronunciado sobre el caso.<\/p>\n\n\n\n<p>Al igual que la semana pasada con las protestas de la Secci\u00f3n 22, este martes tambi\u00e9n se registr\u00f3 un bloqueo en la supercarretera Oaxaca-Cuacnopalan, a la altura de la caseta de peaje de Suchixtlahuaca. Sin embargo, en esta ocasi\u00f3n fue por parte de pobladores de Guadalupe Nata, quienes exigen al ayuntamiento de San Pedro y San Pablo Tequixtepec la entrega de recursos presupuestales.<\/p>\n\n\n\n<p>La exigencia de recursos p\u00fablicos tambi\u00e9n afect\u00f3 a la ciudad de Oaxaca, donde desde temprana hora arrib\u00f3 un grupo de habitantes y autoridades de la agencia San Miguel Marcos P\u00e9rez.&nbsp;<\/p>\n\n\n\n<p>Desde el corredor del Palacio de Gobierno, exigieron la intervenci\u00f3n del gobernador Salom\u00f3n Jara Cruz para que el ayuntamiento de San Juan Teposcolula les otorgue los recursos que les corresponden de los ramos 28 y 33.<\/p>\n\n\n\n<p>Los manifestantes se\u00f1alaron que a pesar de una sentencia del Tribunal de Justicia Administrativa que obliga al ayuntamiento a asignarles recursos, el edil Daniel Santiago Ramos ha incumplido.<\/p>\n\n\n\n<p>En la regi\u00f3n Istmo de Tehuantepec fue hasta la madrugada de este martes cuando se retir\u00f3 un bloqueo en Santo Domingo Tehuantepec, a la altura del fraccionamiento Guiengola, por parte de vecinos de la unidad que protestaron por las constantes fallas en el sumo de energ\u00eda el\u00e9ctrica.<\/p>\n\n\n\n<p>En tanto, durante el lunes fue la s\u00faper carretera Barranca Larga -Ventanilla otra de las vialidades afectadas. Primero por un accidente entre un trailer que transportaba cemento y un autob\u00fas de pasajeros de la empresa ADO.&nbsp;<\/p>\n\n\n\n<p>Adem\u00e1s, por la tarde de ese mismo d\u00eda habitantes de la zona de los Coatlanes, bloquearon la v\u00eda durante varias horas, lo que oblig\u00f3 a automovilistas a esperar o a tener que regresar para tomar la carretera libre que comunica a Puerto Escondido con la ciudad de Oaxaca.<\/p>\n","protected":false},"excerpt":{"rendered":"<p>Lisbeth Mej\u00eda Reyes\/Zona Roja. Oaxaca, Oax., a 18 de noviembre de 2025.- Durante este lunes&hellip;<\/p>\n","protected":false},"author":2,"featured_media":87061,"comment_status":"closed","ping_status":"open","sticky":false,"template":"","format":"standard","meta":{"_lmt_disableupdate":"","_lmt_disable":"","_jetpack_memberships_contains_paid_content":false,"footnotes":""},"categories":[109,47],"tags":[1975],"class_list":["post-87060","post","type-post","status-publish","format-standard","has-post-thumbnail","hentry","category-minuto-a-minuto","category-zona-gris","tag-bloqueos-carreteros-oaxaca"],"jetpack_featured_media_url":"https:\/\/zonaroja.com.mx\/wp-content\/uploads\/2025\/11\/Protestas-y-bloqueos-Oaxaca-martes.jpg","jetpack_sharing_enabled":true,"_links":{"self":[{"href":"https:\/\/zonaroja.com.mx\/index.php?rest_route=\/wp\/v2\/posts\/87060","targetHints":{"allow":["GET"]}}],"collection":[{"href":"https:\/\/zonaroja.com.mx\/index.php?rest_route=\/wp\/v2\/posts"}],"about":[{"href":"https:\/\/zonaroja.com.mx\/index.php?rest_route=\/wp\/v2\/types\/post"}],"author":[{"embeddable":true,"href":"https:\/\/zonaroja.com.mx\/index.php?rest_route=\/wp\/v2\/users\/2"}],"replies":[{"embeddable":true,"href":"https:\/\/zonaroja.com.mx\/index.php?rest_route=%2Fwp%2Fv2%2Fcomments&post=87060"}],"version-history":[{"count":1,"href":"https:\/\/zonaroja.com.mx\/index.php?rest_route=\/wp\/v2\/posts\/87060\/revisions"}],"predecessor-version":[{"id":87062,"href":"https:\/\/zonaroja.com.mx\/index.php?rest_route=\/wp\/v2\/posts\/87060\/revisions\/87062"}],"wp:featuredmedia":[{"embeddable":true,"href":"https:\/\/zonaroja.com.mx\/index.php?rest_route=\/wp\/v2\/media\/87061"}],"wp:attachment":[{"href":"https:\/\/zonaroja.com.mx\/index.php?rest_route=%2Fwp%2Fv2%2Fmedia&parent=87060"}],"wp:term":[{"taxonomy":"category","embeddable":true,"href":"https:\/\/zonaroja.com.mx\/index.php?rest_route=%2Fwp%2Fv2%2Fcategories&post=87060"},{"taxonomy":"post_tag","embeddable":true,"href":"https:\/\/zonaroja.com.mx\/index.php?rest_route=%2Fwp%2Fv2%2Ftags&post=87060"}],"curies":[{"name":"wp","href":"https:\/\/api.w.org\/{rel}","templated":true}]}}