{"id":87069,"date":"2025-11-19T08:15:00","date_gmt":"2025-11-19T14:15:00","guid":{"rendered":"https:\/\/zonaroja.com.mx\/?p=87069"},"modified":"2025-11-19T07:02:39","modified_gmt":"2025-11-19T13:02:39","slug":"muere-mujer-baleada-en-ocotlan-suman-tres-victimas","status":"publish","type":"post","link":"https:\/\/zonaroja.com.mx\/?p=87069","title":{"rendered":"Muere mujer baleada en Ocotl\u00e1n; suman tres v\u00edctimas"},"content":{"rendered":"\n<p>Raymundo Morales\/Zona Roja.<\/p>\n\n\n\n<p>Oaxaca, Oax., a 19 de noviembre de 2025.- La mujer lesionada junto con un individuo baleados el pasado lunes en jurisdicci\u00f3n del distrito de Ocotl\u00e1n, Oaxaca, falleci\u00f3 en el hospital, confirmaron ayer las autoridades ministeriales.<\/p>\n\n\n\n<p>Se trata de Vanesa \u201cN\u201d, quien junto con Jos\u00e9 L. A., quienes viajaban a bordo de un veh\u00edculo marca Mazda, color gris, con placas de circulaci\u00f3n DMA-003-B del estado de Chiapas.<\/p>\n\n\n\n<p>Fue alrededor de las 10:00 horas del pasado lunes en que se registr\u00f3 el ataque armado en la carretera que comunica a Ocotl\u00e1n de Morelos con&nbsp; Santa Catarina Minas, a la altura del kil\u00f3metro 27+500.<\/p>\n\n\n\n<p>El individuo fue localizado sin vida en el interior de la unidad de motor, mientras que la mujer fue trasladada a un hospital de la zona metropolitana de la ciudad de Oaxaca, donde ayer se report\u00f3 que perdi\u00f3 la vida debido a la gravedad de las lesiones.<\/p>\n\n\n\n<p>Hasta el momento no hay identidad ni detenci\u00f3n de los agresores y se presume que el caso est\u00e1 relacionad con grupos delictivos de la zona.<\/p>\n\n\n\n<p>Por la noche, en el centro de Ocotl\u00e1n de Morelos, un individuo fue atacado a balazos, a unos pasos del palacio municipal y del mercado, cuando transitaba a bordo de su motocicleta.<\/p>\n\n\n\n<p>Personal param\u00e9dico del ayuntamiento arrib\u00f3 y lo trasladaba a bordo de la ambulancia con rumbo a la capital oaxaque\u00f1a; pero la unidad de motor fue interceptada por presuntos sicarios, que remataron a la v\u00edctima, identificada como Alfredo \u201cN\u201d, a la altura de la comunidad de San Juan Chilateca.<\/p>\n","protected":false},"excerpt":{"rendered":"<p>Raymundo Morales\/Zona Roja. Oaxaca, Oax., a 19 de noviembre de 2025.- La mujer lesionada junto&hellip;<\/p>\n","protected":false},"author":2,"featured_media":87070,"comment_status":"closed","ping_status":"open","sticky":false,"template":"","format":"standard","meta":{"_lmt_disableupdate":"","_lmt_disable":"","_jetpack_memberships_contains_paid_content":false,"footnotes":""},"categories":[109,51],"tags":[610,835],"class_list":["post-87069","post","type-post","status-publish","format-standard","has-post-thumbnail","hentry","category-minuto-a-minuto","category-zona-roja","tag-feminicidios-oaxaca","tag-ocotlan-de-morelos"],"jetpack_featured_media_url":"https:\/\/zonaroja.com.mx\/wp-content\/uploads\/2025\/11\/Asesinados-hombre-y-mujer-Carretera-a-Ocotlan-Oaxaca-lunes-17-nov.jpg","jetpack_sharing_enabled":true,"_links":{"self":[{"href":"https:\/\/zonaroja.com.mx\/index.php?rest_route=\/wp\/v2\/posts\/87069","targetHints":{"allow":["GET"]}}],"collection":[{"href":"https:\/\/zonaroja.com.mx\/index.php?rest_route=\/wp\/v2\/posts"}],"about":[{"href":"https:\/\/zonaroja.com.mx\/index.php?rest_route=\/wp\/v2\/types\/post"}],"author":[{"embeddable":true,"href":"https:\/\/zonaroja.com.mx\/index.php?rest_route=\/wp\/v2\/users\/2"}],"replies":[{"embeddable":true,"href":"https:\/\/zonaroja.com.mx\/index.php?rest_route=%2Fwp%2Fv2%2Fcomments&post=87069"}],"version-history":[{"count":1,"href":"https:\/\/zonaroja.com.mx\/index.php?rest_route=\/wp\/v2\/posts\/87069\/revisions"}],"predecessor-version":[{"id":87071,"href":"https:\/\/zonaroja.com.mx\/index.php?rest_route=\/wp\/v2\/posts\/87069\/revisions\/87071"}],"wp:featuredmedia":[{"embeddable":true,"href":"https:\/\/zonaroja.com.mx\/index.php?rest_route=\/wp\/v2\/media\/87070"}],"wp:attachment":[{"href":"https:\/\/zonaroja.com.mx\/index.php?rest_route=%2Fwp%2Fv2%2Fmedia&parent=87069"}],"wp:term":[{"taxonomy":"category","embeddable":true,"href":"https:\/\/zonaroja.com.mx\/index.php?rest_route=%2Fwp%2Fv2%2Fcategories&post=87069"},{"taxonomy":"post_tag","embeddable":true,"href":"https:\/\/zonaroja.com.mx\/index.php?rest_route=%2Fwp%2Fv2%2Ftags&post=87069"}],"curies":[{"name":"wp","href":"https:\/\/api.w.org\/{rel}","templated":true}]}}