{"id":87072,"date":"2025-11-19T09:15:00","date_gmt":"2025-11-19T15:15:00","guid":{"rendered":"https:\/\/zonaroja.com.mx\/?p=87072"},"modified":"2025-11-19T07:08:23","modified_gmt":"2025-11-19T13:08:23","slug":"a-casi-dos-semanas-sigue-acefala-secretaria-de-gobierno-y-territorio","status":"publish","type":"post","link":"https:\/\/zonaroja.com.mx\/?p=87072","title":{"rendered":"A casi dos semanas, sigue ac\u00e9fala Secretar\u00eda de Gobierno y Territorio"},"content":{"rendered":"\n<p>Lisbeth Mej\u00eda Reyes\/Zona Roja.<\/p>\n\n\n\n<p>Oaxaca, Oax., a 19 de noviembre de 2025.- La Secretar\u00eda de Gobierno y Territorio del ayuntamiento de Oaxaca de Ju\u00e1rez sigue sin un nuevo titular luego de que el pasado 7 de noviembre anunci\u00f3 su renuncia No\u00e9 Jara Cruz.&nbsp;<\/p>\n\n\n\n<p>Esto, seg\u00fan explic\u00f3 \u00e9l mismo, tras los se\u00f1alamientos de nepotismo en la administraci\u00f3n municipal y sobre los cuales neg\u00f3 que sea as\u00ed.<\/p>\n\n\n\n<p>La Secretar\u00eda de Gobierno y Territorio es la instancia responsable de la pol\u00edtica municipal para atender los conflictos sociales, adem\u00e1s de regular el comercio en v\u00eda p\u00fablica, organizar las elecciones en las agencias municipales y de polic\u00eda, as\u00ed como la elecci\u00f3n de comit\u00e9s vecinales.<\/p>\n\n\n\n<p>Sin embargo, la falta de un nuevo titular tampoco ha sido abordado en cabildo. O al menos no en la sesi\u00f3n de ayer 18 de noviembre, en la que \u00fanicamente se aprobaron dict\u00e1menes de comisiones y la renovaci\u00f3n del reglamento del proceso de entrega -recepci\u00f3n municipal.<\/p>\n\n\n\n<p>Hasta el pasado 15 de noviembre, las convocatorias para la renovaci\u00f3n de los comit\u00e9s de colonias, fraccionamientos y barrios manten\u00edan la firma del ex secretario, que las hab\u00eda signado con anterioridad.&nbsp;<\/p>\n\n\n\n<p>Aunque se espera que las pr\u00f3ximas convocatorias sean por parte de la persona encargada del despacho o de la que asuma el cargo, al ser la Secretar\u00eda de Gobierno la responsable de emitir tales documentos.<\/p>\n\n\n\n<p>As\u00ed como en las convocatorias, en el sitio web del ayuntamiento capitalino a\u00fan aparec\u00eda este martes el nombre de No\u00e9 Jara Cruz como titular dea dependencia.<\/p>\n\n\n\n<p>Fue el pasado 7 de noviembre cuando No\u00e9 Jara Cruz anunci\u00f3 su renuncia al cargo, tras negar que haya llegado sido designado por su hermano, el gobernador Salom\u00f3n Jara Cruz.<\/p>\n\n\n\n<p>El militante del partido Morena reiter\u00f3 que su cargo no fue por nepotismo y que su separaci\u00f3n de la administraci\u00f3n que preside Raymundo Chagoya Villanueva se trata de una decisi\u00f3n personal y compleja que le tom\u00f3 varios meses.&nbsp;<\/p>\n\n\n\n<p>Aunque asegur\u00f3 que se mantendr\u00e1 en la pol\u00edtica, aclar\u00f3 que no ser\u00e1 en otro cargo p\u00fablico sino desde el \u00abterritorio\u00bb y en pro de la \u00abprimavera oaxaque\u00f1a\u00bb.<\/p>\n\n\n\n<p>Al darse a conocer la renuncia de No\u00e9 Jara Cruz, el edil capitalino resalt\u00f3 su trabajo en la administraci\u00f3n municipal y reconoci\u00f3 que fue \u00e9l quien lo impuls\u00f3 para la presidencia de Oaxaca de Ju\u00e1rez.<\/p>\n\n\n\n<p>\u00abNo\u00e9 fue quien invit\u00f3 a un servidor a caminar la ciudad, recorrer las agencias, las colonias, el territorio. Yo estaba en la iniciativa privada y siempre tuve la inquietud, el \u00e1nimo, de servir a la ciudad\u00bb, expres\u00f3 el edil.<\/p>\n\n\n\n<p>Hasta ahora, la Secretar\u00eda de Gobierno y Territorio es la \u00fanica de las 10 secretar\u00edas municipales en las que se ha registrado la renuncia o cambio de un titular.<\/p>\n\n\n\n<p>De acuerdo con el presidente municipal, la persona que asuma el cargo tendr\u00e1 una gran responsabilidad para atender la pol\u00edtica municipal en las diversas necesidades de la misma, principalmente en cuanto a los conflictos sociales o los del comercio en v\u00eda p\u00fablica.<\/p>\n","protected":false},"excerpt":{"rendered":"<p>Lisbeth Mej\u00eda Reyes\/Zona Roja. Oaxaca, Oax., a 19 de noviembre de 2025.- La Secretar\u00eda de&hellip;<\/p>\n","protected":false},"author":2,"featured_media":77900,"comment_status":"closed","ping_status":"open","sticky":false,"template":"","format":"standard","meta":{"_lmt_disableupdate":"","_lmt_disable":"","_jetpack_memberships_contains_paid_content":false,"footnotes":""},"categories":[109,47],"tags":[3305],"class_list":["post-87072","post","type-post","status-publish","format-standard","has-post-thumbnail","hentry","category-minuto-a-minuto","category-zona-gris","tag-noe-jara-cruz"],"jetpack_featured_media_url":"https:\/\/zonaroja.com.mx\/wp-content\/uploads\/2025\/02\/Palacio-municipal-Oaxaca-de-Juarez-1.jpg","jetpack_sharing_enabled":true,"_links":{"self":[{"href":"https:\/\/zonaroja.com.mx\/index.php?rest_route=\/wp\/v2\/posts\/87072","targetHints":{"allow":["GET"]}}],"collection":[{"href":"https:\/\/zonaroja.com.mx\/index.php?rest_route=\/wp\/v2\/posts"}],"about":[{"href":"https:\/\/zonaroja.com.mx\/index.php?rest_route=\/wp\/v2\/types\/post"}],"author":[{"embeddable":true,"href":"https:\/\/zonaroja.com.mx\/index.php?rest_route=\/wp\/v2\/users\/2"}],"replies":[{"embeddable":true,"href":"https:\/\/zonaroja.com.mx\/index.php?rest_route=%2Fwp%2Fv2%2Fcomments&post=87072"}],"version-history":[{"count":1,"href":"https:\/\/zonaroja.com.mx\/index.php?rest_route=\/wp\/v2\/posts\/87072\/revisions"}],"predecessor-version":[{"id":87073,"href":"https:\/\/zonaroja.com.mx\/index.php?rest_route=\/wp\/v2\/posts\/87072\/revisions\/87073"}],"wp:featuredmedia":[{"embeddable":true,"href":"https:\/\/zonaroja.com.mx\/index.php?rest_route=\/wp\/v2\/media\/77900"}],"wp:attachment":[{"href":"https:\/\/zonaroja.com.mx\/index.php?rest_route=%2Fwp%2Fv2%2Fmedia&parent=87072"}],"wp:term":[{"taxonomy":"category","embeddable":true,"href":"https:\/\/zonaroja.com.mx\/index.php?rest_route=%2Fwp%2Fv2%2Fcategories&post=87072"},{"taxonomy":"post_tag","embeddable":true,"href":"https:\/\/zonaroja.com.mx\/index.php?rest_route=%2Fwp%2Fv2%2Ftags&post=87072"}],"curies":[{"name":"wp","href":"https:\/\/api.w.org\/{rel}","templated":true}]}}