{"id":87074,"date":"2025-11-19T10:15:00","date_gmt":"2025-11-19T16:15:00","guid":{"rendered":"https:\/\/zonaroja.com.mx\/?p=87074"},"modified":"2025-11-19T08:19:38","modified_gmt":"2025-11-19T14:19:38","slug":"no-pesa-nombre-de-salomon-jara-en-congreso-asegura-nueva-titular-de-jucopo","status":"publish","type":"post","link":"https:\/\/zonaroja.com.mx\/?p=87074","title":{"rendered":"No pesa nombre de Salom\u00f3n Jara en Congreso, asegura nueva titular de Jucopo"},"content":{"rendered":"\n<p>Ismael Garc\u00eda M.\/Zona Roja.<\/p>\n\n\n\n<p>San Raymundo Jalpan, Oax., a 19 de noviembre de 2025.- La nueva presidenta de la Junta de Coordinaci\u00f3n Pol\u00edtica (Jucopo), Tania Caballero Navarro, convoc\u00f3 a las fuerzas pol\u00edticas a la unidad y a los acuerdos a favor de Oaxaca, con base en el di\u00e1logo y al respeto mutuo.<\/p>\n\n\n\n<p>Asimismo, en entrevista colectiva, descart\u00f3 que el nombre de Salom\u00f3n Jara Cruz, gobernador, pese en la 66 Legislatura:<\/p>\n\n\n\n<p>\u201cNo, para nada (pesa); a m\u00ed me gustar\u00eda mucho que conozcan el trabajo de Tania Caballero Navarro, como lo han hecho en la anterior Legislatura que estuve.<\/p>\n\n\n\n<p>\u201cAs\u00ed que Tania Caballero va a trabajar tambi\u00e9n para respaldar el apoyo que me dieron mis compa\u00f1eros\u201d, dijo.<\/p>\n\n\n\n<p>En sesi\u00f3n ordinaria, al iniciar ayer el segundo a\u00f1o de ejercicio legal de la Legislatura, los integrantes de la Jucopo dieron un posicionamiento en tribuna, en que respaldaron la designaci\u00f3n de Caballero Navarro.<\/p>\n\n\n\n<p>En su intervenci\u00f3n, la presidenta de la Junta de Coordinaci\u00f3n Pol\u00edtica expuso que se trabaja para atender los rezagos y para concretar la agenda de trabajo para el segundo a\u00f1o.<\/p>\n\n\n\n<p>Los temas que se trabajar\u00e1n, destac\u00f3, ser\u00e1n a favor de de los derechos humanos, de las mujeres, de las ni\u00f1as, ni\u00f1os y adolescentes; del campo y de los trabajadores.<\/p>\n\n\n\n<p>\u201cInvito nuevamente a cada una de las fuerzas pol\u00edticas representadas en el Congreso, para que podamos trabajar en favor de Oaxaca, que trabajemos en favor de la transformaci\u00f3n, ser\u00e1 un a\u00f1o de mucho trabajo\u2026 Saquemos acuerdos que transiten a favor de Oaxaca, vamos a trabajar en unidad, con respeto y sobre todo con mucho di\u00e1logo\u201d, dijo.<\/p>\n\n\n\n<p>En tanto, las coordinadoras de los grupos parlamentarios de Fuerza por Oaxaca, Partido Verde Ecologista de M\u00e9xico (PVEM), Grupo Plural y el coordinador del Partido del Trabajo (PT), coincidieron en se\u00f1alar que desde la 66 Legislatura trabajar\u00e1n por el bienestar de las y los oaxaque\u00f1os, priorizando la unidad, el respeto, la pluralidad y di\u00e1logo constructivo.<\/p>\n\n\n\n<p>Dieron su posicionamiento representante del PVEM, Melina Hern\u00e1ndez Sosa; Dante Monta\u00f1o Montero, del PT; Mar\u00eda Eulalia Velasco, de Fuerza por Oaxaca;&nbsp;<\/p>\n\n\n\n<p>Tambi\u00e9n tomaron la palabra Dulce Alejandra Garc\u00eda Morlan, de Movimiento Ciudadano, y Javier Casique Z\u00e1rate, del PRI, ambos sin bancada.<\/p>\n\n\n\n<figure class=\"wp-block-embed is-type-rich is-provider-twitter wp-block-embed-twitter\"><div class=\"wp-block-embed__wrapper\">\n<div class=\"twitter-tweet\"><blockquote class=\"twitter-tweet\" data-lang=\"es\"><p lang=\"es\" dir=\"ltr\"><a href=\"https:\/\/twitter.com\/hashtag\/AlMomento?src=hash&amp;ref_src=twsrc%5Etfw\">#AlMomento<\/a><br><br>-\u00bfPesa el nombre de <a href=\"https:\/\/twitter.com\/salomonj?ref_src=twsrc%5Etfw\">@salomonj<\/a> en la tarea que usted tiene que realizar aqu\u00ed en el <a href=\"https:\/\/twitter.com\/CongresoOaxaca_?ref_src=twsrc%5Etfw\">@CongresoOaxaca_<\/a>?<br><br>-No, para nada. A m\u00ed me gustar\u00eda mucho que conozcan el trabajo de Tania Caballero Navarro, como lo han hecho desde la primera Legislatura que yo estuve. <br><br>La\u2026 <a href=\"https:\/\/t.co\/xUIQKjBjID\">pic.twitter.com\/xUIQKjBjID<\/a><\/p>&mdash; Zona Roja Oaxaca (@ZonaRoja_Oaxaca) <a href=\"https:\/\/twitter.com\/ZonaRoja_Oaxaca\/status\/1990826017208860865?ref_src=twsrc%5Etfw\">18 de noviembre de 2025<\/a><\/blockquote><\/div>\n<\/div><\/figure>\n","protected":false},"excerpt":{"rendered":"<p>Ismael Garc\u00eda M.\/Zona Roja. San Raymundo Jalpan, Oax., a 19 de noviembre de 2025.- La&hellip;<\/p>\n","protected":false},"author":2,"featured_media":87052,"comment_status":"closed","ping_status":"open","sticky":false,"template":"","format":"standard","meta":{"_lmt_disableupdate":"","_lmt_disable":"","_jetpack_memberships_contains_paid_content":false,"footnotes":""},"categories":[109,46],"tags":[303,2629],"class_list":["post-87074","post","type-post","status-publish","format-standard","has-post-thumbnail","hentry","category-minuto-a-minuto","category-zona-blanca","tag-congreso-del-estado-de-oaxaca","tag-tania-caballero-navarro"],"jetpack_featured_media_url":"https:\/\/zonaroja.com.mx\/wp-content\/uploads\/2025\/11\/Dip-Tania-Caballero-Navarro.jpeg","jetpack_sharing_enabled":true,"_links":{"self":[{"href":"https:\/\/zonaroja.com.mx\/index.php?rest_route=\/wp\/v2\/posts\/87074","targetHints":{"allow":["GET"]}}],"collection":[{"href":"https:\/\/zonaroja.com.mx\/index.php?rest_route=\/wp\/v2\/posts"}],"about":[{"href":"https:\/\/zonaroja.com.mx\/index.php?rest_route=\/wp\/v2\/types\/post"}],"author":[{"embeddable":true,"href":"https:\/\/zonaroja.com.mx\/index.php?rest_route=\/wp\/v2\/users\/2"}],"replies":[{"embeddable":true,"href":"https:\/\/zonaroja.com.mx\/index.php?rest_route=%2Fwp%2Fv2%2Fcomments&post=87074"}],"version-history":[{"count":1,"href":"https:\/\/zonaroja.com.mx\/index.php?rest_route=\/wp\/v2\/posts\/87074\/revisions"}],"predecessor-version":[{"id":87075,"href":"https:\/\/zonaroja.com.mx\/index.php?rest_route=\/wp\/v2\/posts\/87074\/revisions\/87075"}],"wp:featuredmedia":[{"embeddable":true,"href":"https:\/\/zonaroja.com.mx\/index.php?rest_route=\/wp\/v2\/media\/87052"}],"wp:attachment":[{"href":"https:\/\/zonaroja.com.mx\/index.php?rest_route=%2Fwp%2Fv2%2Fmedia&parent=87074"}],"wp:term":[{"taxonomy":"category","embeddable":true,"href":"https:\/\/zonaroja.com.mx\/index.php?rest_route=%2Fwp%2Fv2%2Fcategories&post=87074"},{"taxonomy":"post_tag","embeddable":true,"href":"https:\/\/zonaroja.com.mx\/index.php?rest_route=%2Fwp%2Fv2%2Ftags&post=87074"}],"curies":[{"name":"wp","href":"https:\/\/api.w.org\/{rel}","templated":true}]}}