{"id":87081,"date":"2025-11-19T13:29:00","date_gmt":"2025-11-19T19:29:00","guid":{"rendered":"https:\/\/zonaroja.com.mx\/?p=87081"},"modified":"2025-11-19T08:29:46","modified_gmt":"2025-11-19T14:29:46","slug":"opinion-y-despues-del-15n","status":"publish","type":"post","link":"https:\/\/zonaroja.com.mx\/?p=87081","title":{"rendered":"Opini\u00f3n. \u00bfY despu\u00e9s del 15N?"},"content":{"rendered":"\n<p>Isidoro Yescas*<\/p>\n\n\n\n<p>Uno de los grandes retos que, a partir del asesinato de Carlos Manzo y de la marcha del 15 de noviembre tiene el gobierno mexicano,&nbsp;es, por&nbsp;un lado,&nbsp;responder con mayor contundencia al reclamo social (y pol\u00edtico) de millones de mexicanos y mexicanas para combatir la inseguridad y la violencia que azota al pa\u00eds&nbsp;y, por el otro, reducir la polarizaci\u00f3n&nbsp;\u201cin extremis\u201d&nbsp;que desat\u00f3 la convocatoria a la marcha y lo que ocurri\u00f3 durante la marcha: la provocaci\u00f3n y violencia desatada por los anarquistas del Bloque Negro y los excesos en la respuesta policiaca, hechos que fueron consignados ampliamente por la prensa nacional e internacional.<\/p>\n\n\n\n<p>Antes del asesinato de&nbsp;Manzo, el&nbsp;miedo era el factor que inhib\u00eda cualquier acci\u00f3n&nbsp;organizada&nbsp;de protesta ciudadana para denunciar y alzar la voz en contra de la inseguridad y la&nbsp;violencia.&nbsp;<\/p>\n\n\n\n<p>Despu\u00e9s, todo cambi\u00f3. Su muerte&nbsp;detonar\u00eda &nbsp;no&nbsp;solamente la ira social sino abri\u00f3 las puertas a una sinf\u00edn de &nbsp;protestas que, ya de manera coordinada, se expresaron con diversos actores sociales y pol\u00edticos, el 15 de noviembre.&nbsp;<\/p>\n\n\n\n<p>Si&nbsp;a &nbsp;estas&nbsp;&nbsp;marchas asistieron &nbsp;pocos o muchos j\u00f3venes, no obstante que fueron los convocantes, es un asunto&nbsp;menor&nbsp;vista &nbsp;la pluralidad generacional&nbsp;y de clase, y de expresiones pol\u00edticas opositoras al r\u00e9gimen de la 4T, que se manifestaron no solamente en la Ciudad de M\u00e9xico sino en ciudades importantes como Jalisco, Monterrey, Morelia,Oaxaca&nbsp;y decenas m\u00e1s en todo el pa\u00eds.<\/p>\n\n\n\n<p>Con independencia del oportunismo del PAN y PRI, y de los intereses empresariales y&nbsp;&nbsp;expresiones pol\u00edticas anti 4T que se montaron en la marcha para ajustar cuentas con el r\u00e9gimen, lo que es un hecho&nbsp;irrefutable&nbsp;es que en&nbsp;nuestro pa\u00eds&nbsp;la crisis de inseguridad ya toc\u00f3 fondo y desde diversos sectores sociales y pol\u00edticos, incluyendo la iglesia cat\u00f3lica, la exigencia es la misma: que desde el Estado se act\u00fae con mayor firmeza en contra de los responsables de la violencia que tiene en vilo a &nbsp;todo M\u00e9xico.<\/p>\n\n\n\n<p>Por lo mismo, mas que confrontar o ignorar ese reclamo generalizado,&nbsp;la presidente Claudia Sheinbaum&nbsp;deber\u00eda convocar a una gran conversaci\u00f3n nacional para hacer frente&nbsp;a&nbsp;este&nbsp;y otros grandes problemas&nbsp;no resueltos &nbsp;como la corrupci\u00f3n oficial que hasta ahora ha gozado de cabal salud.<\/p>\n\n\n\n<p>Y en esta tarea importa mucho llamar la atenci\u00f3n sobre el papel desempe\u00f1ado por algunos gobernadores que o han sido omisos para aplicar la ley y contener a la delincuencia o ya son parte de esa estructura criminal.&nbsp;<\/p>\n\n\n\n<p>Sinaloa, Veracruz, Guerrero, Oaxaca, etc. son referentes de malos gobiernos y, de declararles la&nbsp;guerra &nbsp;a&nbsp;sus gobernados&nbsp;y no a la delincuencia.<\/p>\n\n\n\n<p>Vienen las marchas del 20 de noviembre convocada de nueva cuenta por la amorfa \u201cGeneraci\u00f3n Z\u201d, y luego la marcha del 25 de noviembre convocada&nbsp;en el marco del D\u00eda Internacional para la Eliminaci\u00f3n de la Violencia contra las Mujeres.&nbsp;<\/p>\n\n\n\n<p>Habr\u00e1 que estar atentos si para entonces la postura&nbsp;confrontacionista&nbsp;del gobierno federal&nbsp;hacia &nbsp;las&nbsp;expresiones sociales y pol\u00edticas contestatarias persisten o, como ser\u00eda lo deseable, esta vez &nbsp;se impondr\u00e1 la cordura&nbsp;por la parte oficial y tambi\u00e9n &nbsp;de quienes tomen las calles.<\/p>\n\n\n\n<p>De lo que s\u00ed deber\u00eda alertarse desde ahora &nbsp;es sobre el papel que han jugado en las marchas de protesta los anarquistas y provocadores, que lo mismo han servido a los gobiernos para desprestigiar las luchas sociales que para justificar el abuso de la fuerza policial, como ocurri\u00f3 el 15 de noviembre&nbsp;y, por&nbsp;ende, del endurecimiento gubernamental.<\/p>\n\n\n\n<p>*Maestro en Sociolog\u00eda y periodista.<\/p>\n\n\n\n<p>X.@YescasIsidoro<\/p>\n","protected":false},"excerpt":{"rendered":"<p>Isidoro Yescas* Uno de los grandes retos que, a partir del asesinato de Carlos Manzo&hellip;<\/p>\n","protected":false},"author":2,"featured_media":71623,"comment_status":"closed","ping_status":"open","sticky":false,"template":"","format":"standard","meta":{"_lmt_disableupdate":"","_lmt_disable":"","_jetpack_memberships_contains_paid_content":false,"footnotes":""},"categories":[456,109],"tags":[3998],"class_list":["post-87081","post","type-post","status-publish","format-standard","has-post-thumbnail","hentry","category-columna","category-minuto-a-minuto","tag-isidoro-yescas-martinez"],"jetpack_featured_media_url":"https:\/\/zonaroja.com.mx\/wp-content\/uploads\/2024\/08\/Opinion.-Isidoro-Yescas.jpg","jetpack_sharing_enabled":true,"_links":{"self":[{"href":"https:\/\/zonaroja.com.mx\/index.php?rest_route=\/wp\/v2\/posts\/87081","targetHints":{"allow":["GET"]}}],"collection":[{"href":"https:\/\/zonaroja.com.mx\/index.php?rest_route=\/wp\/v2\/posts"}],"about":[{"href":"https:\/\/zonaroja.com.mx\/index.php?rest_route=\/wp\/v2\/types\/post"}],"author":[{"embeddable":true,"href":"https:\/\/zonaroja.com.mx\/index.php?rest_route=\/wp\/v2\/users\/2"}],"replies":[{"embeddable":true,"href":"https:\/\/zonaroja.com.mx\/index.php?rest_route=%2Fwp%2Fv2%2Fcomments&post=87081"}],"version-history":[{"count":1,"href":"https:\/\/zonaroja.com.mx\/index.php?rest_route=\/wp\/v2\/posts\/87081\/revisions"}],"predecessor-version":[{"id":87082,"href":"https:\/\/zonaroja.com.mx\/index.php?rest_route=\/wp\/v2\/posts\/87081\/revisions\/87082"}],"wp:featuredmedia":[{"embeddable":true,"href":"https:\/\/zonaroja.com.mx\/index.php?rest_route=\/wp\/v2\/media\/71623"}],"wp:attachment":[{"href":"https:\/\/zonaroja.com.mx\/index.php?rest_route=%2Fwp%2Fv2%2Fmedia&parent=87081"}],"wp:term":[{"taxonomy":"category","embeddable":true,"href":"https:\/\/zonaroja.com.mx\/index.php?rest_route=%2Fwp%2Fv2%2Fcategories&post=87081"},{"taxonomy":"post_tag","embeddable":true,"href":"https:\/\/zonaroja.com.mx\/index.php?rest_route=%2Fwp%2Fv2%2Ftags&post=87081"}],"curies":[{"name":"wp","href":"https:\/\/api.w.org\/{rel}","templated":true}]}}