{"id":87086,"date":"2025-11-19T18:26:44","date_gmt":"2025-11-20T00:26:44","guid":{"rendered":"https:\/\/zonaroja.com.mx\/?p=87086"},"modified":"2025-11-19T18:26:46","modified_gmt":"2025-11-20T00:26:46","slug":"detienen-a-policia-activo-de-oaxaca-probable-multihomicida-entre-ellos-de-noelia-daylen","status":"publish","type":"post","link":"https:\/\/zonaroja.com.mx\/?p=87086","title":{"rendered":"Detienen a polic\u00eda activo de Oaxaca, probable multihomicida, entre ellos de Noelia Daylen"},"content":{"rendered":"\n<p>Raymundo Morales\/Zona Roja.<\/p>\n\n\n\n<p>Oaxaca, Oax., a 19 de noviembre de 2025.- Un elemento en activo de la Polic\u00eda Auxiliar, Bancaria, Industrial y Comercial (PABIC) de Oaxaca fue detenido como probable responsable de un al menos cuatro homicidios, entre ellos de la peque\u00f1a Noelia Daylen, perpetrados el pasado 10 de noviembre en Juchit\u00e1n de Zaragoza.<\/p>\n\n\n\n<p>La aprehensi\u00f3n Lamberto S. V. fue informada este jueves por el titular de la Fiscal\u00eda General del Estado de Oaxaca, Bernardo Rodr\u00edguez Alamilla, durante una conferencia de prensa del Gabinete de Seguridad.<\/p>\n\n\n\n<p>Expuso que lo anterior es resultado de una serie de estrategias de investigaci\u00f3n integral y articuladas entre las instituciones de seguridad y procuraci\u00f3n de justicia de los tres niveles de gobierno.&nbsp;<\/p>\n\n\n\n<p>El fiscal explic\u00f3 que los hechos tuvieron lugar el 10 de noviembre de 2025, cuando se recibi\u00f3 el reporte sobre el hallazgo de los cuerpos de dos mujeres y un hombre, en la avenida Vicente Guerrero, en la entrada a Guiguyita, perteneciente a Juchit\u00e1n.<\/p>\n\n\n\n<p>A ra\u00edz de estos hechos, se iniciaron las primeras entrevistas con los familiares de la v\u00edctima A.G.L., quienes reportaron que la ma\u00f1ana del 10 de noviembre, la ni\u00f1a Noelia Daylen S.G. hab\u00eda salido en compa\u00f1\u00eda de su madre. Horas despu\u00e9s, se perdi\u00f3 la comunicaci\u00f3n con ambas.<\/p>\n\n\n\n<p>Ante la desaparici\u00f3n de la ni\u00f1a, se activ\u00f3 de inmediato una investigaci\u00f3n integral y multidisciplinaria para esclarecer los hechos y fortalecer las labores de b\u00fasqueda de la menor de edad.<\/p>\n\n\n\n<p>Derivado de un operativo de b\u00fasqueda e inteligencia criminal, la Fiscal\u00eda de Oaxaca, a trav\u00e9s de la Vicefiscal\u00eda Regional del Istmo, en coordinaci\u00f3n con la Secretar\u00eda de la Marina, la Secretar\u00eda de la Defensa Nacional, la Guardia Nacional, la Polic\u00eda Estatal, la Agencia Estatal de Investigaciones (AEI) y la Polic\u00eda Municipal, localiz\u00f3 sin vida a la menor en el interior de un domicilio particular en la colonia La Planta.<\/p>\n\n\n\n<p>En el mismo lugar, detuvieron a tres mujeres, identificadas como R.E.B.N., originaria del estado de M\u00e9xico; as\u00ed como M.G.S.P. y R.I.P.G., del estado de Chiapas, quienes est\u00e1n vinculadas con la desaparici\u00f3n y fallecimiento de la menor de cuatro a\u00f1os de edad.<\/p>\n\n\n\n<p>Adem\u00e1s, se investiga su posible participaci\u00f3n en los hechos que llevaron a la muerte de las otras tres v\u00edctimas, incluida la madre de la ni\u00f1a.<\/p>\n\n\n\n<p>Rodr\u00edguez Alamilla asegur\u00f3 que no habr\u00e1 impunidad en este caso y reafirm\u00f3 el compromiso de realizar investigaciones exhaustivas para esclarecer los hechos y aplicar todo el rigor de la ley a quienes resulten responsables.<\/p>\n\n\n\n<figure class=\"wp-block-embed is-type-rich is-provider-twitter wp-block-embed-twitter\"><div class=\"wp-block-embed__wrapper\">\n<div class=\"twitter-tweet\"><blockquote class=\"twitter-tweet\" data-lang=\"es\"><p lang=\"es\" dir=\"ltr\"><a href=\"https:\/\/twitter.com\/hashtag\/AlMomento?src=hash&amp;ref_src=twsrc%5Etfw\">#AlMomento<\/a><br>Un elemento en activo de la <a href=\"https:\/\/twitter.com\/PABIC_GobOax?ref_src=twsrc%5Etfw\">@PABIC_GobOax<\/a>, presunto autor del asesinato de la peque\u00f1a Noelia Daylen y su madre, entre otras v\u00edctimas recientes en Juchit\u00e1n de Zaragoza. <br>As\u00ed lo confirm\u00f3 esta ma\u00f1ana el titular de la <a href=\"https:\/\/twitter.com\/FISCALIA_GobOax?ref_src=twsrc%5Etfw\">@FISCALIA_GobOax<\/a>, <a href=\"https:\/\/twitter.com\/FiscalOaxaca?ref_src=twsrc%5Etfw\">@FiscalOaxaca<\/a>: <a href=\"https:\/\/t.co\/dbWpWExlgZ\">pic.twitter.com\/dbWpWExlgZ<\/a><\/p>&mdash; Zona Roja Oaxaca (@ZonaRoja_Oaxaca) <a href=\"https:\/\/twitter.com\/ZonaRoja_Oaxaca\/status\/1991229678204432609?ref_src=twsrc%5Etfw\">19 de noviembre de 2025<\/a><\/blockquote><\/div>\n<\/div><\/figure>\n","protected":false},"excerpt":{"rendered":"<p>Raymundo Morales\/Zona Roja. Oaxaca, Oax., a 19 de noviembre de 2025.- Un elemento en activo&hellip;<\/p>\n","protected":false},"author":2,"featured_media":87087,"comment_status":"closed","ping_status":"open","sticky":false,"template":"","format":"standard","meta":{"_lmt_disableupdate":"","_lmt_disable":"","_jetpack_memberships_contains_paid_content":false,"footnotes":""},"categories":[109,46],"tags":[494,123,4540,4519],"class_list":["post-87086","post","type-post","status-publish","format-standard","has-post-thumbnail","hentry","category-minuto-a-minuto","category-zona-blanca","tag-fiscalia-general-del-estado-de-oaxaca","tag-juchitan-de-zaragoza","tag-lamberto-s-v","tag-noelia-daylen-s-g"],"jetpack_featured_media_url":"https:\/\/zonaroja.com.mx\/wp-content\/uploads\/2025\/11\/Detenido-PABIC-lamberto-Juchitan-caso-Noelia-Daylen.jpg","jetpack_sharing_enabled":true,"_links":{"self":[{"href":"https:\/\/zonaroja.com.mx\/index.php?rest_route=\/wp\/v2\/posts\/87086","targetHints":{"allow":["GET"]}}],"collection":[{"href":"https:\/\/zonaroja.com.mx\/index.php?rest_route=\/wp\/v2\/posts"}],"about":[{"href":"https:\/\/zonaroja.com.mx\/index.php?rest_route=\/wp\/v2\/types\/post"}],"author":[{"embeddable":true,"href":"https:\/\/zonaroja.com.mx\/index.php?rest_route=\/wp\/v2\/users\/2"}],"replies":[{"embeddable":true,"href":"https:\/\/zonaroja.com.mx\/index.php?rest_route=%2Fwp%2Fv2%2Fcomments&post=87086"}],"version-history":[{"count":1,"href":"https:\/\/zonaroja.com.mx\/index.php?rest_route=\/wp\/v2\/posts\/87086\/revisions"}],"predecessor-version":[{"id":87088,"href":"https:\/\/zonaroja.com.mx\/index.php?rest_route=\/wp\/v2\/posts\/87086\/revisions\/87088"}],"wp:featuredmedia":[{"embeddable":true,"href":"https:\/\/zonaroja.com.mx\/index.php?rest_route=\/wp\/v2\/media\/87087"}],"wp:attachment":[{"href":"https:\/\/zonaroja.com.mx\/index.php?rest_route=%2Fwp%2Fv2%2Fmedia&parent=87086"}],"wp:term":[{"taxonomy":"category","embeddable":true,"href":"https:\/\/zonaroja.com.mx\/index.php?rest_route=%2Fwp%2Fv2%2Fcategories&post=87086"},{"taxonomy":"post_tag","embeddable":true,"href":"https:\/\/zonaroja.com.mx\/index.php?rest_route=%2Fwp%2Fv2%2Ftags&post=87086"}],"curies":[{"name":"wp","href":"https:\/\/api.w.org\/{rel}","templated":true}]}}