{"id":87089,"date":"2025-11-19T19:21:43","date_gmt":"2025-11-20T01:21:43","guid":{"rendered":"https:\/\/zonaroja.com.mx\/?p=87089"},"modified":"2025-11-19T19:21:45","modified_gmt":"2025-11-20T01:21:45","slug":"detienen-a-el-licenciado-presunto-autor-intelectual-del-crimen-de-carlos-manzo","status":"publish","type":"post","link":"https:\/\/zonaroja.com.mx\/?p=87089","title":{"rendered":"Detienen a \u2018El Licenciado\u2019, presunto autor intelectual del crimen de Carlos Manzo"},"content":{"rendered":"\n<p>Redacci\u00f3n\/Zona Roja Cdmx.<\/p>\n\n\n\n<p>(Informaci\u00f3n de \u201cEl Financiero\u201d)<\/p>\n\n\n\n<p>Ciudad de M\u00e9xico, a 19 de noviembre de 2025.- Fue detenido Jorge Armando \u2018N\u2019, se\u00f1alado como uno de los presuntos autores intelectuales del homicidio de Carlos Manzo, alcalde de Uruapan, inform\u00f3 Omar Garc\u00eda Harfuch, secretario de Seguridad, este mi\u00e9rcoles 19 de noviembre.<\/p>\n\n\n\n<p>Autoridades se\u00f1alan a Jorge Armando \u2018N\u2019, alias \u2018El Licenciado\u2019, como uno de los l\u00edderes de la c\u00e9lula criminal vinculada al C\u00e1rtel Jalisco Nueva Generaci\u00f3n (CJNG) y que plane\u00f3 el homicidio del l\u00edder del denominado Movimiento del Sombrero.<\/p>\n\n\n\n<p>Tambi\u00e9n se confirm\u00f3 que el d\u00eda de los hechos, V\u00edctor Manuel \u2018N\u2019, joven reclutado por el CJNG que atac\u00f3 a Manzo, estuvo acompa\u00f1ado de Fernando Josu\u00e9 \u2018N\u2019 y Ramiro \u2018N\u2019, que el 10 de noviembre fueron localizados sin vida sobre una carretera de Uruapan-Paracho, Michoac\u00e1n.<\/p>\n\n\n\n<p>A trav\u00e9s de un an\u00e1lisis de los dispositivos telef\u00f3nicos de Ramiro \u2018N\u2019 y Fernando Josu\u00e9 \u2018N\u2019 permiti\u00f3 identificar c\u00f3mo se plane\u00f3 y organiz\u00f3 el atentado de Carlos Mazo mediante una aplicaci\u00f3n de mensajer\u00eda instant\u00e1nea.<\/p>\n\n\n\n<p>De acuerdo con los mensajes encontrados en los celulares, se determin\u00f3 que \u2018El Licenciado\u2019 ocupaba el rol de mando, al ser quien emit\u00eda las instrucciones para realizar la ejecuci\u00f3n del Carlos Manzo.<\/p>\n\n\n\n<p>CRONOLOG\u00cdA<\/p>\n\n\n\n<p>\u2018El Licenciado\u2019 orden\u00f3 a los involucrados colocarse en distintos puntos para dar seguimiento al alcalde y compartir su ruta y horarios.<\/p>\n\n\n\n<p>Ramiro \u2018N\u2019 pidi\u00f3 a sus c\u00f3mplices borrar los mensajes despu\u00e9s de dar las instrucciones.<\/p>\n\n\n\n<p>A las 19:45 horas sicarios informaron sobre arribo de Carlos Manzo al Festival de Velas.<\/p>\n\n\n\n<p>A las 20:00 horas, Ramiro \u2018N\u2019 confirm\u00f3 el ataque contra el alcalde de Uruapan y que ten\u00edan sometido a V\u00edctor Manuel \u2018N\u2019.<\/p>\n\n\n\n<p>Por \u00faltimo, a las 20:15 horas, Ramiro \u2018N\u2019 pidi\u00f3 transporte para Fernando Josu\u00e9 \u2018N\u2019.<\/p>\n\n\n\n<p>\u201cAntes de la agresi\u00f3n, Jorge Armando \u2018N\u2019, alias el Licenciado, les indic\u00f3, ejerciendo presi\u00f3n sobre los otros integrantes que deb\u00edan disparar, aun cuando Carlos Manzo estuviera acompa\u00f1ado y con quien estuviera acompa\u00f1ado. Minutos despu\u00e9s, Jorge Armando \u2018N\u2019 advirti\u00f3 que deb\u00edan ultimar a como de lugar a Carlos Mnazo\u201d, describi\u00f3 Omar Garc\u00eda Harfuch.<\/p>\n\n\n\n<p>El fiscal de Michoac\u00e1n, Carlos Torres Pi\u00f1a, mencion\u00f3 que Ramiro \u2018N\u2019, presunto integrante de la c\u00e9lula delictiva, reclut\u00f3 a Fernando Josu\u00e9 \u2018N\u2019 y V\u00edctor Manuel \u2018N\u2019 a trav\u00e9s de redes sociales.<\/p>\n\n\n\n<p>Tambi\u00e9n, se le atribuy\u00f3 a Ramiro \u2018N\u2019 como instructor para el uso de armas de fuego y responsable de someter a castigos f\u00edsicos sobre los integrantes que no cumpl\u00edan las instrucciones.<\/p>\n\n\n\n<p>Las autoridades no pudieron precisar cu\u00e1l habr\u00eda sido el m\u00f3vil del asesinato de Carlos Manzo.<\/p>\n","protected":false},"excerpt":{"rendered":"<p>Redacci\u00f3n\/Zona Roja Cdmx. (Informaci\u00f3n de \u201cEl Financiero\u201d) Ciudad de M\u00e9xico, a 19 de noviembre de&hellip;<\/p>\n","protected":false},"author":2,"featured_media":87090,"comment_status":"closed","ping_status":"open","sticky":false,"template":"","format":"standard","meta":{"_lmt_disableupdate":"","_lmt_disable":"","_jetpack_memberships_contains_paid_content":false,"footnotes":""},"categories":[109,47],"tags":[4507,4541,507],"class_list":["post-87089","post","type-post","status-publish","format-standard","has-post-thumbnail","hentry","category-minuto-a-minuto","category-zona-gris","tag-carlos-manzo-rodriguez","tag-jorge-armando-n-el-licenciado","tag-uruapan-michoacan-2"],"jetpack_featured_media_url":"https:\/\/zonaroja.com.mx\/wp-content\/uploads\/2025\/11\/El-licenciado-asesinato-Carlos-Manzo-Uruapan.jpeg","jetpack_sharing_enabled":true,"_links":{"self":[{"href":"https:\/\/zonaroja.com.mx\/index.php?rest_route=\/wp\/v2\/posts\/87089","targetHints":{"allow":["GET"]}}],"collection":[{"href":"https:\/\/zonaroja.com.mx\/index.php?rest_route=\/wp\/v2\/posts"}],"about":[{"href":"https:\/\/zonaroja.com.mx\/index.php?rest_route=\/wp\/v2\/types\/post"}],"author":[{"embeddable":true,"href":"https:\/\/zonaroja.com.mx\/index.php?rest_route=\/wp\/v2\/users\/2"}],"replies":[{"embeddable":true,"href":"https:\/\/zonaroja.com.mx\/index.php?rest_route=%2Fwp%2Fv2%2Fcomments&post=87089"}],"version-history":[{"count":1,"href":"https:\/\/zonaroja.com.mx\/index.php?rest_route=\/wp\/v2\/posts\/87089\/revisions"}],"predecessor-version":[{"id":87091,"href":"https:\/\/zonaroja.com.mx\/index.php?rest_route=\/wp\/v2\/posts\/87089\/revisions\/87091"}],"wp:featuredmedia":[{"embeddable":true,"href":"https:\/\/zonaroja.com.mx\/index.php?rest_route=\/wp\/v2\/media\/87090"}],"wp:attachment":[{"href":"https:\/\/zonaroja.com.mx\/index.php?rest_route=%2Fwp%2Fv2%2Fmedia&parent=87089"}],"wp:term":[{"taxonomy":"category","embeddable":true,"href":"https:\/\/zonaroja.com.mx\/index.php?rest_route=%2Fwp%2Fv2%2Fcategories&post=87089"},{"taxonomy":"post_tag","embeddable":true,"href":"https:\/\/zonaroja.com.mx\/index.php?rest_route=%2Fwp%2Fv2%2Ftags&post=87089"}],"curies":[{"name":"wp","href":"https:\/\/api.w.org\/{rel}","templated":true}]}}