{"id":8709,"date":"2020-02-13T07:23:33","date_gmt":"2020-02-13T13:23:33","guid":{"rendered":"http:\/\/www.zonaroja.com.mx\/?p=8709"},"modified":"2020-02-13T07:23:36","modified_gmt":"2020-02-13T13:23:36","slug":"aplican-ley-olimpia-en-oaxaca-y-detienen-a-uno-por-violencia-digital-contra-su-ex-pareja","status":"publish","type":"post","link":"https:\/\/zonaroja.com.mx\/?p=8709","title":{"rendered":"Aplican \u201cLey Olimpia\u201d en Oaxaca y detienen a uno por violencia digital contra su ex pareja"},"content":{"rendered":"\n<p>Redacci\u00f3n\/Zona\nRoja.<\/p>\n\n\n\n<p>Oaxaca de\nJu\u00e1rez, Oax., 13 de febrero de 2020.- Un individuo acusado de violencia\ndigital, al difundir im\u00e1genes con contenido sexual de su ex pareja, fue\naprehendido anoche por la Fiscal\u00eda General del Estado de Oaxaca<\/p>\n\n\n\n<p>\u00c9ste ser\u00eda el\nprimer caso en que se aplica la denominada \u201cLey Olimpia\u201d, en contra de J. M. L.\nP., por su probable responsabilidad en el delito de violaci\u00f3n a la intimidad\nsexual en agravio de la joven J. R. R., cometido en el municipio de San Pedro\nAmuzgos, Putla.<\/p>\n\n\n\n<p>En un\ncomunicado, detall\u00f3 que el presunto responsable fue aprehendido por personal de\nla Agencia Estatal de Investigaciones cuando caminaba sobre la carretera que\nconduce a Nazareno, Santa Cruz Xoxocotl\u00e1n, regi\u00f3n de Valles Centrales y\npresentado de forma inmediata ante la autoridad ministerial.<\/p>\n\n\n\n<p>De acuerdo\ncon la causa penal 53\/2020, la v\u00edctima sostuvo una relaci\u00f3n sentimental de 2013\na 2017 con C. G. I. L., quien le solicit\u00f3 fotos y videos de contenido sexual. <\/p>\n\n\n\n<p>Sin embargo,\ncuando la relaci\u00f3n termin\u00f3, C. G. I. L., comparti\u00f3 dicho material al imputado\nJ. M. L. P., quien la amenaz\u00f3 con difundir los videos y fotograf\u00edas antes\nmencionados si no manten\u00eda relaciones sexuales con \u00e9l y ante la negativa de la\nv\u00edctima, el imputado difundi\u00f3 el contenido a trav\u00e9s de redes sociales.<\/p>\n\n\n\n<p>En audiencia\ncelebrada el 11 de febrero de 2020, el imputado se acogi\u00f3 al t\u00e9rmino\nconstitucional, mismo que fenece el pr\u00f3ximo 16 de febrero de 2020, decretando\nel Juez de Control la medida cautelar de prisi\u00f3n preventiva oficiosa en tanto\nse resuelve su situaci\u00f3n jur\u00eddica.<\/p>\n","protected":false},"excerpt":{"rendered":"<p>Redacci\u00f3n\/Zona Roja. Oaxaca de Ju\u00e1rez, Oax., 13 de febrero de 2020.- Un individuo acusado de&hellip;<\/p>\n","protected":false},"author":2,"featured_media":8710,"comment_status":"closed","ping_status":"open","sticky":false,"template":"","format":"standard","meta":{"_lmt_disableupdate":"","_lmt_disable":"","_jetpack_memberships_contains_paid_content":false,"footnotes":""},"categories":[109,47],"tags":[494,327],"class_list":["post-8709","post","type-post","status-publish","format-standard","has-post-thumbnail","hentry","category-minuto-a-minuto","category-zona-gris","tag-fiscalia-general-del-estado-de-oaxaca","tag-ley-olimpia"],"jetpack_featured_media_url":"https:\/\/zonaroja.com.mx\/wp-content\/uploads\/2020\/02\/Ley-Olimpia.jpg","jetpack_sharing_enabled":true,"_links":{"self":[{"href":"https:\/\/zonaroja.com.mx\/index.php?rest_route=\/wp\/v2\/posts\/8709","targetHints":{"allow":["GET"]}}],"collection":[{"href":"https:\/\/zonaroja.com.mx\/index.php?rest_route=\/wp\/v2\/posts"}],"about":[{"href":"https:\/\/zonaroja.com.mx\/index.php?rest_route=\/wp\/v2\/types\/post"}],"author":[{"embeddable":true,"href":"https:\/\/zonaroja.com.mx\/index.php?rest_route=\/wp\/v2\/users\/2"}],"replies":[{"embeddable":true,"href":"https:\/\/zonaroja.com.mx\/index.php?rest_route=%2Fwp%2Fv2%2Fcomments&post=8709"}],"version-history":[{"count":1,"href":"https:\/\/zonaroja.com.mx\/index.php?rest_route=\/wp\/v2\/posts\/8709\/revisions"}],"predecessor-version":[{"id":8711,"href":"https:\/\/zonaroja.com.mx\/index.php?rest_route=\/wp\/v2\/posts\/8709\/revisions\/8711"}],"wp:featuredmedia":[{"embeddable":true,"href":"https:\/\/zonaroja.com.mx\/index.php?rest_route=\/wp\/v2\/media\/8710"}],"wp:attachment":[{"href":"https:\/\/zonaroja.com.mx\/index.php?rest_route=%2Fwp%2Fv2%2Fmedia&parent=8709"}],"wp:term":[{"taxonomy":"category","embeddable":true,"href":"https:\/\/zonaroja.com.mx\/index.php?rest_route=%2Fwp%2Fv2%2Fcategories&post=8709"},{"taxonomy":"post_tag","embeddable":true,"href":"https:\/\/zonaroja.com.mx\/index.php?rest_route=%2Fwp%2Fv2%2Ftags&post=8709"}],"curies":[{"name":"wp","href":"https:\/\/api.w.org\/{rel}","templated":true}]}}