{"id":87098,"date":"2025-11-19T22:09:41","date_gmt":"2025-11-20T04:09:41","guid":{"rendered":"https:\/\/zonaroja.com.mx\/?p=87098"},"modified":"2025-11-19T22:09:43","modified_gmt":"2025-11-20T04:09:43","slug":"alistan-ley-de-ingresos-y-presupuesto-de-egresos-de-la-capital-oaxaquena","status":"publish","type":"post","link":"https:\/\/zonaroja.com.mx\/?p=87098","title":{"rendered":"Alistan Ley de Ingresos y Presupuesto de Egresos de la capital oaxaque\u00f1a\u00a0"},"content":{"rendered":"\n<p>Lisbeth Mej\u00eda Reyes\/Zona Roja.<\/p>\n\n\n\n<p>Oaxaca, Oax., a 19 de noviembre de 2025.- El presidente municipal de Oaxaca de Ju\u00e1rez, Raymundo Chagoya Villanueva, se\u00f1al\u00f3 que se est\u00e1n concluyendo los proyectos de la Ley de Ingresos 2026 y del Presupuesto de Egresos del mismo a\u00f1o, a fin de que sean aprobados por el Cabildo. En el caso de la Ley de Ingresos, para que tambi\u00e9n sea turnado al Congreso local.<\/p>\n\n\n\n<p>Este mi\u00e9rcoles, durante la conferencia semanal, el edil capitalino asegur\u00f3 que ambos proyectos est\u00e1n a tiempo de ser presentados. Tambi\u00e9n descart\u00f3 que se aumenten impuestos para el 2026.<\/p>\n\n\n\n<p>\u00abNo es nuestra ruta\u00bb, apunt\u00f3. Asimismo, neg\u00f3 que vaya a haber deuda p\u00fablica, pues en el caso de la concesi\u00f3n para el proyecto del Centro de Servicios Vecinales (Cesevi) \u00abel municipio no se endeuda ni aporta dinero para su construcci\u00f3n\u00bb. Lo anterior debido a que la construcci\u00f3n del complejo de oficinas administrativas ser\u00e1 costeado por una empresa elegida mediante licitaci\u00f3n p\u00fablica nacional.<\/p>\n\n\n\n<p>Hasta ahora, dijo, el ayuntamiento \u00fanicamente ha estado a cargo de la demolici\u00f3n del edificio en el que oper\u00f3 el Instituto de la Juventud del Estado de Oaxaca (INJEO) y cuyo terreno don\u00f3 en 2016 el gobierno estatal al ayuntamiento, predio ubicado en Belisario Dom\u00ednguez 920.<\/p>\n\n\n\n<p>RELEVO EN ESPERA<\/p>\n\n\n\n<p>Por otra parte, tras la renuncia de No\u00e9 Jara Cruz el 7 de noviembre como titular de la Secretar\u00eda de Gobierno y Territorio, el edil explic\u00f3 que ser\u00e1 en pr\u00f3ximas fechas cuando se designe a una persona encargada del despacho para concluir con el proceso interno de entrega -recepci\u00f3n. Ser\u00e1 posteriormente cuando se informe qui\u00e9n asumir\u00e1 la titularidad de la secretar\u00eda.<\/p>\n\n\n\n<p>Aunque asegur\u00f3 que No\u00e9 Jara ya no trabaja en el ayuntamiento, reconoci\u00f3 que sigue atendiendo \u00fanicamente el proceso de entrega-recepci\u00f3n de la secretar\u00eda.<\/p>\n\n\n\n<p>PREPARAN COBRO<\/p>\n\n\n\n<p>Aunque Chagoya Villanueva neg\u00f3 que se incrementen los impuestos o los montos en el cobro de derechos como el de aseo p\u00fablico, s\u00ed adelant\u00f3 la posibilidad de cobrar entre 7.5 y 8 pesos por bolsa de residuos.<\/p>\n\n\n\n<p>Sin embargo, aclar\u00f3 que este cobro ser\u00e1 para quienes son de otros municipios y traen sus desechos a la ciudad de Oaxaca.<\/p>\n\n\n\n<figure class=\"wp-block-embed is-type-rich is-provider-twitter wp-block-embed-twitter\"><div class=\"wp-block-embed__wrapper\">\n<div class=\"twitter-tweet\"><blockquote class=\"twitter-tweet\" data-lang=\"es\"><p lang=\"es\" dir=\"ltr\">B. El edil <a href=\"https:\/\/twitter.com\/raychagoya?ref_src=twsrc%5Etfw\">@raychagoya<\/a> respondi\u00f3 tambi\u00e9n al cuestionamiento acerca de <a href=\"https:\/\/twitter.com\/noejaracruz?ref_src=twsrc%5Etfw\">@noejaracruz<\/a>, quien, dijo, renunci\u00f3 hace casi dos semanas y si se le ha visto en su oficina es por el proceso de entrega-recepci\u00f3n a detalle de la Secretar\u00eda de Gobierno y Territorio del <a href=\"https:\/\/twitter.com\/MunicipioOaxaca?ref_src=twsrc%5Etfw\">@MunicipioOaxaca<\/a>.\u2026 <a href=\"https:\/\/t.co\/hkTKGwSKf9\">pic.twitter.com\/hkTKGwSKf9<\/a><\/p>&mdash; Zona Roja Oaxaca (@ZonaRoja_Oaxaca) <a href=\"https:\/\/twitter.com\/ZonaRoja_Oaxaca\/status\/1991276880083681651?ref_src=twsrc%5Etfw\">19 de noviembre de 2025<\/a><\/blockquote><\/div>\n<\/div><\/figure>\n","protected":false},"excerpt":{"rendered":"<p>Lisbeth Mej\u00eda Reyes\/Zona Roja. Oaxaca, Oax., a 19 de noviembre de 2025.- El presidente municipal&hellip;<\/p>\n","protected":false},"author":2,"featured_media":87099,"comment_status":"closed","ping_status":"open","sticky":false,"template":"","format":"standard","meta":{"_lmt_disableupdate":"","_lmt_disable":"","_jetpack_memberships_contains_paid_content":false,"footnotes":""},"categories":[109,46],"tags":[148,4403],"class_list":["post-87098","post","type-post","status-publish","format-standard","has-post-thumbnail","hentry","category-minuto-a-minuto","category-zona-blanca","tag-oaxaca-de-juarez","tag-ray-chagoya"],"jetpack_featured_media_url":"https:\/\/zonaroja.com.mx\/wp-content\/uploads\/2025\/11\/Raymundo-Chagoya-conferencia.jpg","jetpack_sharing_enabled":true,"_links":{"self":[{"href":"https:\/\/zonaroja.com.mx\/index.php?rest_route=\/wp\/v2\/posts\/87098","targetHints":{"allow":["GET"]}}],"collection":[{"href":"https:\/\/zonaroja.com.mx\/index.php?rest_route=\/wp\/v2\/posts"}],"about":[{"href":"https:\/\/zonaroja.com.mx\/index.php?rest_route=\/wp\/v2\/types\/post"}],"author":[{"embeddable":true,"href":"https:\/\/zonaroja.com.mx\/index.php?rest_route=\/wp\/v2\/users\/2"}],"replies":[{"embeddable":true,"href":"https:\/\/zonaroja.com.mx\/index.php?rest_route=%2Fwp%2Fv2%2Fcomments&post=87098"}],"version-history":[{"count":1,"href":"https:\/\/zonaroja.com.mx\/index.php?rest_route=\/wp\/v2\/posts\/87098\/revisions"}],"predecessor-version":[{"id":87100,"href":"https:\/\/zonaroja.com.mx\/index.php?rest_route=\/wp\/v2\/posts\/87098\/revisions\/87100"}],"wp:featuredmedia":[{"embeddable":true,"href":"https:\/\/zonaroja.com.mx\/index.php?rest_route=\/wp\/v2\/media\/87099"}],"wp:attachment":[{"href":"https:\/\/zonaroja.com.mx\/index.php?rest_route=%2Fwp%2Fv2%2Fmedia&parent=87098"}],"wp:term":[{"taxonomy":"category","embeddable":true,"href":"https:\/\/zonaroja.com.mx\/index.php?rest_route=%2Fwp%2Fv2%2Fcategories&post=87098"},{"taxonomy":"post_tag","embeddable":true,"href":"https:\/\/zonaroja.com.mx\/index.php?rest_route=%2Fwp%2Fv2%2Ftags&post=87098"}],"curies":[{"name":"wp","href":"https:\/\/api.w.org\/{rel}","templated":true}]}}