{"id":87101,"date":"2025-11-20T08:15:00","date_gmt":"2025-11-20T14:15:00","guid":{"rendered":"https:\/\/zonaroja.com.mx\/?p=87101"},"modified":"2025-11-20T06:55:44","modified_gmt":"2025-11-20T12:55:44","slug":"confirma-fiscalia-que-detencion-de-lider-criminal-desato-violencia-en-ocotlan","status":"publish","type":"post","link":"https:\/\/zonaroja.com.mx\/?p=87101","title":{"rendered":"Confirma Fiscal\u00eda que detenci\u00f3n de l\u00edder criminal desat\u00f3 violencia en Ocotl\u00e1n\u00a0"},"content":{"rendered":"\n<p>Ismael Garc\u00eda M.\/Zona Roja.<\/p>\n\n\n\n<p>Oaxaca, Oax., a 20 de noviembre de 2025.- La detenci\u00f3n de Jos\u00e9 L. P., alias \u201cEl Contador\u201d, presunto l\u00edder criminal del grupo delictivo \u201cLos Medina\u201d, desat\u00f3 hechos violentos en que fueron asesinadas tres personas, incluyendo una mujer y un individuo rematado a bordo de una ambulancia.<\/p>\n\n\n\n<p>As\u00ed lo confirm\u00f3 el titular de la Fiscal\u00eda General del Estado de Oaxaca, Bernardo Rodr\u00edguez Alamilla, quien detall\u00f3 las acciones sucedidas el pasado lunes 17 de noviembre en comunidades del distrito de Ocotl\u00e1n.<\/p>\n\n\n\n<p>La ma\u00f1ana del ese d\u00eda, Jos\u00e9 L. P. Presuntamente intent\u00f3 secuestrar a una mujer, tras lo cual se activaron polic\u00edas municipales y lograron detenerlo, en jurisdicci\u00f3n la localidad de Santa Catarina Minas.<\/p>\n\n\n\n<p>Tras ello, fue puesto a disposici\u00f3n de la Fiscal\u00eda estatal, que a su vez lo remiti\u00f3 a la Fiscal\u00eda General de la Rep\u00fablica, por el delito de portaci\u00f3n de arma de fuego de grueso calibre.<\/p>\n\n\n\n<p>Tras ello, alrededor de las 10:00 de la ma\u00f1ana una pareja que se trasladaba a bordo de una camioneta marca Mazda, color gris, con placas de circulaci\u00f3n DMA-003-B, de Chiapas, fue emboscada y atacada a balazos, tambi\u00e9n en jurisdicci\u00f3n de Santa Catarina Minas.<\/p>\n\n\n\n<p>El individuo identificado como Pedro L. C., presuntamente tambi\u00e9n integrante de la banda \u201cLos Medina\u201d, muri\u00f3 a causa de m\u00faltiples impactos de bala, mientras que la joven Vanesa A. C., fue trasladado a un hospital de la zona de Valles Centrales, donde perdi\u00f3 la vida horas despu\u00e9s.<\/p>\n\n\n\n<p>Y por la noche, a un costado del parque municipal y cerca del palacio municipal de Ocotl\u00e1n de Morelos, una persona del sexo masculino a bordo de su motocicleta fue atacada a balazos.<\/p>\n\n\n\n<p>Una ambulancia del ayuntamiento lo traslad\u00f3 con rumbo a la ciudad de Oaxaca pero a la altura de la localidad de San Juan Chilateca, la unidad fue interceptada por sicarios, quienes remataron a Alfredo \u201cN\u201d.<\/p>\n\n\n\n<p>Seg\u00fan versiones extraoficiales, Jos\u00e9 L. P., fung\u00eda como contador de Jaime Alberto Medina, presunto l\u00edder del grupo delictivo \u201cLos Medina\u201d y quien supuestamente se suicid\u00f3 en un restaurante de la ciudad de Oaxaca, el 22 de octubre de 2023, cuando polic\u00edas y militares iban a capturarlo. A su muerte, lo habr\u00eda sucedido Jos\u00e9, \u201cEl Contador\u201d, quien sigue bajo custodia de la Fiscal\u00eda General de la Rep\u00fablica.<\/p>\n","protected":false},"excerpt":{"rendered":"<p>Ismael Garc\u00eda M.\/Zona Roja. Oaxaca, Oax., a 20 de noviembre de 2025.- La detenci\u00f3n de&hellip;<\/p>\n","protected":false},"author":2,"featured_media":87102,"comment_status":"closed","ping_status":"open","sticky":false,"template":"","format":"standard","meta":{"_lmt_disableupdate":"","_lmt_disable":"","_jetpack_memberships_contains_paid_content":false,"footnotes":""},"categories":[109,46],"tags":[494,4542,835],"class_list":["post-87101","post","type-post","status-publish","format-standard","has-post-thumbnail","hentry","category-minuto-a-minuto","category-zona-blanca","tag-fiscalia-general-del-estado-de-oaxaca","tag-jose-l-p-el-contador","tag-ocotlan-de-morelos"],"jetpack_featured_media_url":"https:\/\/zonaroja.com.mx\/wp-content\/uploads\/2025\/11\/Detencion-de-Jose-El-Contador-Xoxocotlan.jpg","jetpack_sharing_enabled":true,"_links":{"self":[{"href":"https:\/\/zonaroja.com.mx\/index.php?rest_route=\/wp\/v2\/posts\/87101","targetHints":{"allow":["GET"]}}],"collection":[{"href":"https:\/\/zonaroja.com.mx\/index.php?rest_route=\/wp\/v2\/posts"}],"about":[{"href":"https:\/\/zonaroja.com.mx\/index.php?rest_route=\/wp\/v2\/types\/post"}],"author":[{"embeddable":true,"href":"https:\/\/zonaroja.com.mx\/index.php?rest_route=\/wp\/v2\/users\/2"}],"replies":[{"embeddable":true,"href":"https:\/\/zonaroja.com.mx\/index.php?rest_route=%2Fwp%2Fv2%2Fcomments&post=87101"}],"version-history":[{"count":1,"href":"https:\/\/zonaroja.com.mx\/index.php?rest_route=\/wp\/v2\/posts\/87101\/revisions"}],"predecessor-version":[{"id":87103,"href":"https:\/\/zonaroja.com.mx\/index.php?rest_route=\/wp\/v2\/posts\/87101\/revisions\/87103"}],"wp:featuredmedia":[{"embeddable":true,"href":"https:\/\/zonaroja.com.mx\/index.php?rest_route=\/wp\/v2\/media\/87102"}],"wp:attachment":[{"href":"https:\/\/zonaroja.com.mx\/index.php?rest_route=%2Fwp%2Fv2%2Fmedia&parent=87101"}],"wp:term":[{"taxonomy":"category","embeddable":true,"href":"https:\/\/zonaroja.com.mx\/index.php?rest_route=%2Fwp%2Fv2%2Fcategories&post=87101"},{"taxonomy":"post_tag","embeddable":true,"href":"https:\/\/zonaroja.com.mx\/index.php?rest_route=%2Fwp%2Fv2%2Ftags&post=87101"}],"curies":[{"name":"wp","href":"https:\/\/api.w.org\/{rel}","templated":true}]}}