{"id":87104,"date":"2025-11-20T07:15:00","date_gmt":"2025-11-20T13:15:00","guid":{"rendered":"https:\/\/zonaroja.com.mx\/?p=87104"},"modified":"2025-11-20T07:00:07","modified_gmt":"2025-11-20T13:00:07","slug":"alerta-estados-unidos-a-sus-ciudadanos-por-marcha-hoy-de-generacion-z","status":"publish","type":"post","link":"https:\/\/zonaroja.com.mx\/?p=87104","title":{"rendered":"Alerta Estados Unidos a sus ciudadanos por marcha hoy de \u201cGeneraci\u00f3n Z\u201d"},"content":{"rendered":"\n<p>Redacci\u00f3n\/Zona Roja Cdmx.<\/p>\n\n\n\n<p>(Informaci\u00f3n del sitio Naci\u00f3n 321)<\/p>\n\n\n\n<p>Ciudad de M\u00e9xico, a 20 de noviembre de 2025.- La Embajada de Estados Unidos en M\u00e9xico alert\u00f3 a sus ciudadanos por la marcha de la \u201cGeneraci\u00f3n Z\u201d que se tiene planeada para este jueves 20 de noviembre en la capita del pa\u00eds.<\/p>\n\n\n\n<p>En una tarjeta, indic\u00f3 que \u201cse ha programado una gran marcha de protesta desde el Monumento al \u00c1ngel de la Independencia hasta el Z\u00f3calo el jueves 20 de noviembre, a partir de las 11:00 am\u201d.<\/p>\n\n\n\n<p>Destac\u00f3 que \u201clos grupos que se espera participen en esta protesta tambi\u00e9n participaron en una manifestaci\u00f3n el 15 de noviembre que se torn\u00f3 violenta. La marcha coincide con el Desfile Militar Conmemorativo de la Revoluci\u00f3n Mexicana, que comienza a las 10:00 en el Z\u00f3calo y termina en el Monumento a la Revoluci\u00f3n\u201d.<\/p>\n\n\n\n<p>En ese sentido, lanz\u00f3 una serie de recomendaciones:<\/p>\n\n\n\n<p>&#8211; Las manifestaciones pueden ser impredecibles; evite participar en protestas activas y tenga precauci\u00f3n si se encuentra con grandes concentraciones o manifestaciones.<\/p>\n\n\n\n<p>&#8211; Mant\u00e9ngase informado a trav\u00e9s de los medios de comunicaci\u00f3n locales.<\/p>\n\n\n\n<p>&#8211; Siga las instrucciones de las autoridades locales y, en caso de emergencia, llame al 911<\/p>\n","protected":false},"excerpt":{"rendered":"<p>Redacci\u00f3n\/Zona Roja Cdmx. (Informaci\u00f3n del sitio Naci\u00f3n 321) Ciudad de M\u00e9xico, a 20 de noviembre&hellip;<\/p>\n","protected":false},"author":2,"featured_media":86950,"comment_status":"closed","ping_status":"open","sticky":false,"template":"","format":"standard","meta":{"_lmt_disableupdate":"","_lmt_disable":"","_jetpack_memberships_contains_paid_content":false,"footnotes":""},"categories":[109,47],"tags":[4524],"class_list":["post-87104","post","type-post","status-publish","format-standard","has-post-thumbnail","hentry","category-minuto-a-minuto","category-zona-gris","tag-marcha-generacion-z"],"jetpack_featured_media_url":"https:\/\/zonaroja.com.mx\/wp-content\/uploads\/2025\/11\/7353ef43-e76b-4952-94df-bb023201a979.jpg","jetpack_sharing_enabled":true,"_links":{"self":[{"href":"https:\/\/zonaroja.com.mx\/index.php?rest_route=\/wp\/v2\/posts\/87104","targetHints":{"allow":["GET"]}}],"collection":[{"href":"https:\/\/zonaroja.com.mx\/index.php?rest_route=\/wp\/v2\/posts"}],"about":[{"href":"https:\/\/zonaroja.com.mx\/index.php?rest_route=\/wp\/v2\/types\/post"}],"author":[{"embeddable":true,"href":"https:\/\/zonaroja.com.mx\/index.php?rest_route=\/wp\/v2\/users\/2"}],"replies":[{"embeddable":true,"href":"https:\/\/zonaroja.com.mx\/index.php?rest_route=%2Fwp%2Fv2%2Fcomments&post=87104"}],"version-history":[{"count":1,"href":"https:\/\/zonaroja.com.mx\/index.php?rest_route=\/wp\/v2\/posts\/87104\/revisions"}],"predecessor-version":[{"id":87105,"href":"https:\/\/zonaroja.com.mx\/index.php?rest_route=\/wp\/v2\/posts\/87104\/revisions\/87105"}],"wp:featuredmedia":[{"embeddable":true,"href":"https:\/\/zonaroja.com.mx\/index.php?rest_route=\/wp\/v2\/media\/86950"}],"wp:attachment":[{"href":"https:\/\/zonaroja.com.mx\/index.php?rest_route=%2Fwp%2Fv2%2Fmedia&parent=87104"}],"wp:term":[{"taxonomy":"category","embeddable":true,"href":"https:\/\/zonaroja.com.mx\/index.php?rest_route=%2Fwp%2Fv2%2Fcategories&post=87104"},{"taxonomy":"post_tag","embeddable":true,"href":"https:\/\/zonaroja.com.mx\/index.php?rest_route=%2Fwp%2Fv2%2Ftags&post=87104"}],"curies":[{"name":"wp","href":"https:\/\/api.w.org\/{rel}","templated":true}]}}