{"id":87106,"date":"2025-11-20T09:20:00","date_gmt":"2025-11-20T15:20:00","guid":{"rendered":"https:\/\/zonaroja.com.mx\/?p=87106"},"modified":"2025-11-20T07:22:20","modified_gmt":"2025-11-20T13:22:20","slug":"mujeres-mazatecas-denuncian-la-imposicion-de-cacique-en-eloxochitlan","status":"publish","type":"post","link":"https:\/\/zonaroja.com.mx\/?p=87106","title":{"rendered":"Mujeres mazatecas denuncian la imposici\u00f3n de cacique en Eloxochitl\u00e1n"},"content":{"rendered":"\n<p>Lisbeth Mej\u00eda Reyes\/Zona Roja.<\/p>\n\n\n\n<p>Oaxaca, Oax., a 20 de noviembre de 2025.- Mujeres mazatecas denunciaron este mi\u00e9rcoles la intromisi\u00f3n del gobierno y del Congreso local para que el ex presidente municipal Manuel Zepeda (2011-2013) vuelva a gobernar Eloxochitl\u00e1n de Flores Mag\u00f3n.<\/p>\n\n\n\n<p>El empresario y su hija, la diputada local Elisa Zepeda Lagunas, son se\u00f1alados por las mujeres mazatecas por criminalizar por m\u00e1s de una d\u00e9cada a las y los defensores del r\u00edo \u201cXang\u00e1 Nd\u00e1 Ge\u201d, de Eloxochitl\u00e1n.&nbsp;<\/p>\n\n\n\n<p>Esto a pesar de que las y los defensores ya han demostrado su inocencia en varios de los supuestos delitos que se les imputan.<\/p>\n\n\n\n<p>Ayer mi\u00e9rcoles, en conferencia de prensa frente al Palacio de Gobierno, ciudad de Oaxaca, la abogada mazateca Argelia Betanzos acus\u00f3 al gobierno por calificar como \u201cfoco rojo\u201d a Eloxochitl\u00e1n ante las elecciones del pr\u00f3ximo domingo.<\/p>\n\n\n\n<p>Tambi\u00e9n se\u00f1al\u00f3 al mandatario emanado de Morena de que al calificar como \u201cfoco rojo\u201d a esta comunidad mazateca est\u00e1 justificando una pol\u00edtica intervencionista.&nbsp;<\/p>\n\n\n\n<p>Argelia acus\u00f3 tambi\u00e9n al ex presidente de la Junta de Coordinaci\u00f3n Pol\u00edtica del congreso, Benjam\u00edn Viveros Montalvo, de ir a la comunidad para promover el voto a favor de Manuel Zepeda.&nbsp;<\/p>\n\n\n\n<p>A este \u00faltimo y su familia, la comunidad los se\u00f1ala como responsables de acabar con el r\u00edo a trav\u00e9s de la extracci\u00f3n de piedra por varios a\u00f1os.<\/p>\n\n\n\n<p>\u00abEl padre de la diputada Elisa Zepeda es candidato a la presidencia ya fue presidente municipal del 2011 al 2013. \u00bfDe qu\u00e9 se trata?\u00bb, cuestion\u00f3 la abogada en la conferencia en la que tambi\u00e9n estuvo una representante de activistas de Turqu\u00eda.<\/p>\n\n\n\n<p>Al exponer una manta frente al Palacio de Gobierno, en la exigen un alto a la persecuci\u00f3n de Eloxochitl\u00e1n, la abogada tambi\u00e9n calific\u00f3 la intervenci\u00f3n del gobernador de Morena como una que sigue el r\u00e9gimen del PRI.<\/p>\n\n\n\n<p>Incluso, record\u00f3 que desde hace una d\u00e9cada, en el gobierno de Gabino Cu\u00e9 Monteagudo, la familia de Manuel Zepeda y su hija Elisa han mantenido el control.<\/p>\n\n\n\n<figure class=\"wp-block-embed is-type-rich is-provider-twitter wp-block-embed-twitter\"><div class=\"wp-block-embed__wrapper\">\n<div class=\"twitter-tweet\"><blockquote class=\"twitter-tweet\" data-lang=\"es\"><p lang=\"es\" dir=\"ltr\">Al demandar un alto a la persecuci\u00f3n pol\u00edtica, mujeres maztecas de Eloxochitl\u00e1n de Flores Mag\u00f3n, denunciaron hoy que el gobierno y el diputado por Morena, <a href=\"https:\/\/twitter.com\/BenjaViverosOax?ref_src=twsrc%5Etfw\">@BenjaViverosOax<\/a>, pretenden imponer a Manuel Zepeda, ex edil y padre de la diputada Elisa Zepeda Lagunas, como presidente\u2026 <a href=\"https:\/\/t.co\/PLVrlR37oe\">pic.twitter.com\/PLVrlR37oe<\/a><\/p>&mdash; Zona Roja Oaxaca (@ZonaRoja_Oaxaca) <a href=\"https:\/\/twitter.com\/ZonaRoja_Oaxaca\/status\/1991312612521300033?ref_src=twsrc%5Etfw\">20 de noviembre de 2025<\/a><\/blockquote><\/div>\n<\/div><\/figure>\n\n\n\n<p>Adem\u00e1s de que est\u00e1 intervenci\u00f3n de m\u00e1s de 10 a\u00f1os ha acabado con la asamblea comunitaria y las elecciones de los \u00faltimos trienios son m\u00e1s parecidas a las del esquema de partidos pol\u00edticos.<\/p>\n\n\n\n<p>Las mujeres mazatecas aseguran que aunque no abanderan a ning\u00fan candidato, s\u00ed hay condiciones para que el pueblito, en su leg\u00edtimo derecho, pueda elegir a sus autoridades.&nbsp;<\/p>\n\n\n\n<p>SIGUE LUCHA<\/p>\n\n\n\n<p>Respecto a los procesos en contra de defensores y defensoras criminalizados, Argelia detall\u00f3 que es la burocracia del Tribunal Superior de Justicia del Estado de Oaxaca la que ha retrasado la libertad y el fin de la persecuci\u00f3n.<\/p>\n\n\n\n<p>De las 21 personas que estuvieron presas, dijo que todas consiguieron ya su libertad.<\/p>\n\n\n\n<p>De las primeras 40 perseguidas, muchas ganaron la libertad mediante amparos y no tuvieron que pisar la c\u00e1rcel. Aunque de esas siguen 14 perseguidas.<\/p>\n\n\n\n<p>Pero de los \u00faltimos liberados hay 5 personas sujetas a juicios.<\/p>\n\n\n\n<p>De los nuevos cargos imputados en marzo de 2025, record\u00f3 que se trata de m\u00e1s de 200 \u00f3rdenes de aprehensi\u00f3n en contra de 57 personas y que a\u00fan hay cerca 40 personas por liberar de esos cargos \u00abresucitados\u00bb: da\u00f1o por incendio y robo.<\/p>\n\n\n\n<p>\u00abDependemos del amparo 941 de Veracruz, pero para que este amparo llegue a su fin dependen de que el juez de Huautla env\u00ede el comprobante de que ya le avis\u00f3 a las supuestas v\u00edctimas\u00bb, explic\u00f3.<\/p>\n\n\n\n<p>Ante esto exigi\u00f3 a la presidenta del Tribunal Superior de Justicia del Estado de Oaxaca, \u00c9rika Rodr\u00edguez, para que acabe con la persecuci\u00f3n, pues no existen pruebas de los se\u00f1alamientos hacia las y los defensas sino solamente tr\u00e1mites burocr\u00e1ticos que atan a las acusaciones de Manuel Zepeda y de la diputada Elisa Zepeda.<\/p>\n","protected":false},"excerpt":{"rendered":"<p>Lisbeth Mej\u00eda Reyes\/Zona Roja. Oaxaca, Oax., a 20 de noviembre de 2025.- Mujeres mazatecas denunciaron&hellip;<\/p>\n","protected":false},"author":2,"featured_media":87109,"comment_status":"closed","ping_status":"open","sticky":false,"template":"","format":"standard","meta":{"_lmt_disableupdate":"","_lmt_disable":"","_jetpack_memberships_contains_paid_content":false,"footnotes":""},"categories":[109,47],"tags":[215,719,4444],"class_list":["post-87106","post","type-post","status-publish","format-standard","has-post-thumbnail","hentry","category-minuto-a-minuto","category-zona-gris","tag-elisa-zepeda-lagunas","tag-eloxochitlan-de-flores-magon","tag-mujeres-mazatecas-por-la-libertad"],"jetpack_featured_media_url":"https:\/\/zonaroja.com.mx\/wp-content\/uploads\/2025\/11\/Protesta-Eloxochitlan-en-Palacio-Oaxaca.jpg","jetpack_sharing_enabled":true,"_links":{"self":[{"href":"https:\/\/zonaroja.com.mx\/index.php?rest_route=\/wp\/v2\/posts\/87106","targetHints":{"allow":["GET"]}}],"collection":[{"href":"https:\/\/zonaroja.com.mx\/index.php?rest_route=\/wp\/v2\/posts"}],"about":[{"href":"https:\/\/zonaroja.com.mx\/index.php?rest_route=\/wp\/v2\/types\/post"}],"author":[{"embeddable":true,"href":"https:\/\/zonaroja.com.mx\/index.php?rest_route=\/wp\/v2\/users\/2"}],"replies":[{"embeddable":true,"href":"https:\/\/zonaroja.com.mx\/index.php?rest_route=%2Fwp%2Fv2%2Fcomments&post=87106"}],"version-history":[{"count":1,"href":"https:\/\/zonaroja.com.mx\/index.php?rest_route=\/wp\/v2\/posts\/87106\/revisions"}],"predecessor-version":[{"id":87110,"href":"https:\/\/zonaroja.com.mx\/index.php?rest_route=\/wp\/v2\/posts\/87106\/revisions\/87110"}],"wp:featuredmedia":[{"embeddable":true,"href":"https:\/\/zonaroja.com.mx\/index.php?rest_route=\/wp\/v2\/media\/87109"}],"wp:attachment":[{"href":"https:\/\/zonaroja.com.mx\/index.php?rest_route=%2Fwp%2Fv2%2Fmedia&parent=87106"}],"wp:term":[{"taxonomy":"category","embeddable":true,"href":"https:\/\/zonaroja.com.mx\/index.php?rest_route=%2Fwp%2Fv2%2Fcategories&post=87106"},{"taxonomy":"post_tag","embeddable":true,"href":"https:\/\/zonaroja.com.mx\/index.php?rest_route=%2Fwp%2Fv2%2Ftags&post=87106"}],"curies":[{"name":"wp","href":"https:\/\/api.w.org\/{rel}","templated":true}]}}