{"id":87123,"date":"2025-11-20T14:17:00","date_gmt":"2025-11-20T20:17:00","guid":{"rendered":"https:\/\/zonaroja.com.mx\/?p=87123"},"modified":"2025-11-20T08:18:37","modified_gmt":"2025-11-20T14:18:37","slug":"sigue-desmantelamiento-de-grupo-delictivo-los-cromos-van-12-detenidos","status":"publish","type":"post","link":"https:\/\/zonaroja.com.mx\/?p=87123","title":{"rendered":"Sigue desmantelamiento de grupo delictivo \u201cLos Cromos\u201d; van 12 detenidos"},"content":{"rendered":"\n<p>Redacci\u00f3n\/Zona Roja.&nbsp;<\/p>\n\n\n\n<p>Oaxaca, Oax., a 20 de noviembre de 2025.- Al menos 12 personas consideradas como objetivos prioritarios y que pertenecen a la c\u00e9lula delictiva \u201cLos Cromos\u201d, han sido detenidas en la regi\u00f3n del Istmo de Tehuantepec.<\/p>\n\n\n\n<p>Asimismo, en las \u00faltimas semanas se han realizado alrededor de 25 cateos a distintos domicilios, como parte de la Operaci\u00f3n \u201cSable\u201d, de acuerdo con la Fiscal\u00eda General del Estado de Oaxaca.<\/p>\n\n\n\n<p>Entre las aprehensiones realizadas destacan las de dos individuos: uno de ellos identificado como A.G.D., alias \u201cEl Caporal\u201d, y el otro como I.D.L., alias \u201cEl Pollo\u201d, operadores de un rancho, adem\u00e1s que resguardaban armas y la flota blindada de este grupo, destac\u00f3 en un comunicado de prensa.<\/p>\n\n\n\n<p>El grupo delictivo que opera principalmente en Juchit\u00e1n de Zaragoza presuntamente lo lideran Samuel T. V., alias \u201cComandante Cromo\u201d, e Iv\u00e1n S. S., alias \u201cEl Fantasma\u201d, \u201cEl Fantasmita\u201d o \u201cCromo\u201d.<\/p>\n\n\n\n<p>Entre otros detenidos se encuentran Armando M. L., \u201cEl Werin\u201d; Isidro D. L., de 19 a\u00f1os de edad; Cristian L. G., \u201cCris\u201d, de 19 a\u00f1os; Jorge Humberto M. C., \u201cKoki\u201d; Adalberto G. D., de 26 a\u00f1os; Virgilio L. B., de 33 a\u00f1os.<\/p>\n\n\n\n<p>La Fiscal\u00eda inform\u00f3 que las acciones se han efectuado junto con la Secretar\u00eda de Marina, la Secretar\u00eda de la Defensa Nacional, la Guardia Nacional, Secretar\u00eda de Gobierno, la Secretar\u00eda de Seguridad y Protecci\u00f3n Ciudadana Federal, la Polic\u00eda Estatal y la Agencia Estatal de Investigaciones.<\/p>\n\n\n\n<p>La Operaci\u00f3n \u201cSable\u201d, tiene como objetivo desarticular estructuras criminales que han vulnerado la seguridad, impulsado econom\u00edas il\u00edcitas y fracturado el tejido social del Istmo.&nbsp;<\/p>\n\n\n\n<p>\u201cLa regi\u00f3n del Istmo ha experimentado una presi\u00f3n creciente por parte de c\u00e9lulas criminales que, tras la disminuci\u00f3n del flujo de migrantes \u2014de donde obten\u00edan ingresos il\u00edcitos\u2014, comenzaron a disputarse nuevas fuentes de financiamiento ilegal, incluyendo extorsiones, secuestros, control territorial, narcomenudeo y cobro de piso a comerciantes y transportistas. A ello se suma el valor estrat\u00e9gico del Corredor Interoce\u00e1nico, cuyas rutas de traslado se han convertido en objetivos de control para grupos delictivos\u201d, explic\u00f3 ayer el fiscal Bernardo Rodr\u00edguez Alamilla.<\/p>\n\n\n\n<p>Enfatiz\u00f3 que la Fiscal\u00eda mantiene un compromiso de realizar procesos de procuraci\u00f3n de justicia adecuados que, a trav\u00e9s de la coordinaci\u00f3n interinstitucional, permitan dar resultados a la ciudadan\u00eda, romper la impunidad y, con ello, devolver la tranquilidad a las familias del Istmo, garantizando que ning\u00fan delito quede impune.<\/p>\n","protected":false},"excerpt":{"rendered":"<p>Redacci\u00f3n\/Zona Roja.&nbsp; Oaxaca, Oax., a 20 de noviembre de 2025.- Al menos 12 personas consideradas&hellip;<\/p>\n","protected":false},"author":2,"featured_media":87107,"comment_status":"closed","ping_status":"open","sticky":false,"template":"","format":"standard","meta":{"_lmt_disableupdate":"","_lmt_disable":"","_jetpack_memberships_contains_paid_content":false,"footnotes":""},"categories":[109,46],"tags":[494,4544],"class_list":["post-87123","post","type-post","status-publish","format-standard","has-post-thumbnail","hentry","category-minuto-a-minuto","category-zona-blanca","tag-fiscalia-general-del-estado-de-oaxaca","tag-grupo-delictivo-los-cromo"],"jetpack_featured_media_url":"https:\/\/zonaroja.com.mx\/wp-content\/uploads\/2025\/11\/Banda-los-cromos-Juchitan.jpg","jetpack_sharing_enabled":true,"_links":{"self":[{"href":"https:\/\/zonaroja.com.mx\/index.php?rest_route=\/wp\/v2\/posts\/87123","targetHints":{"allow":["GET"]}}],"collection":[{"href":"https:\/\/zonaroja.com.mx\/index.php?rest_route=\/wp\/v2\/posts"}],"about":[{"href":"https:\/\/zonaroja.com.mx\/index.php?rest_route=\/wp\/v2\/types\/post"}],"author":[{"embeddable":true,"href":"https:\/\/zonaroja.com.mx\/index.php?rest_route=\/wp\/v2\/users\/2"}],"replies":[{"embeddable":true,"href":"https:\/\/zonaroja.com.mx\/index.php?rest_route=%2Fwp%2Fv2%2Fcomments&post=87123"}],"version-history":[{"count":1,"href":"https:\/\/zonaroja.com.mx\/index.php?rest_route=\/wp\/v2\/posts\/87123\/revisions"}],"predecessor-version":[{"id":87124,"href":"https:\/\/zonaroja.com.mx\/index.php?rest_route=\/wp\/v2\/posts\/87123\/revisions\/87124"}],"wp:featuredmedia":[{"embeddable":true,"href":"https:\/\/zonaroja.com.mx\/index.php?rest_route=\/wp\/v2\/media\/87107"}],"wp:attachment":[{"href":"https:\/\/zonaroja.com.mx\/index.php?rest_route=%2Fwp%2Fv2%2Fmedia&parent=87123"}],"wp:term":[{"taxonomy":"category","embeddable":true,"href":"https:\/\/zonaroja.com.mx\/index.php?rest_route=%2Fwp%2Fv2%2Fcategories&post=87123"},{"taxonomy":"post_tag","embeddable":true,"href":"https:\/\/zonaroja.com.mx\/index.php?rest_route=%2Fwp%2Fv2%2Ftags&post=87123"}],"curies":[{"name":"wp","href":"https:\/\/api.w.org\/{rel}","templated":true}]}}