{"id":87126,"date":"2025-11-20T18:58:53","date_gmt":"2025-11-21T00:58:53","guid":{"rendered":"https:\/\/zonaroja.com.mx\/?p=87126"},"modified":"2025-11-20T18:58:55","modified_gmt":"2025-11-21T00:58:55","slug":"se-reactiva-conflicto-entre-tlalixtac-y-huayapam-por-tiradero-gobierno-incumplio","status":"publish","type":"post","link":"https:\/\/zonaroja.com.mx\/?p=87126","title":{"rendered":"Se reactiva conflicto entre Tlalixtac y Huay\u00e1pam por tiradero; gobierno incumpli\u00f3"},"content":{"rendered":"\n<p>Lisbeth Mej\u00eda Reyes\/Zona Roja.<\/p>\n\n\n\n<p>Oaxaca, Oax., a 20 de noviembre de 2025.- El conflicto ambiental entre los municipios de Tlalixtac de Cabrera y San Andr\u00e9s Huay\u00e1pam se reactiv\u00f3 este mi\u00e9rcoles luego de que el tiradero o centro integral de gesti\u00f3n de residuos de Huay\u00e1pam no ha sido reubicado y sigue en los l\u00edmites de ambas comunidades de los Valles Centrales de Oaxaca.<\/p>\n\n\n\n<p>Desde la tarde de este mi\u00e9rcoles, habitantes de Tlalixtac bloquearon con montones de tierra el acceso a Huay\u00e1pam, a la altura de las presas. Ante esta medida, que ya se registr\u00f3 en noviembre de 2024, la autoridad municipal de San Andr\u00e9s Huay\u00e1pam reiter\u00f3 su disposici\u00f3n para reubicar el espacio en el que depositan sus desechos.&nbsp;<\/p>\n\n\n\n<p>En un video difundido en la p\u00e1gina del ayuntamiento de Huay\u00e1pam, el edil Abel Maclovio Pacheco Garc\u00eda aclar\u00f3 que no es un tiradero a cielo abierto sino un centro de gesti\u00f3n de residuos que cumple con la normativa ambiental y que es el gobierno estatal el que ha incumplido su compromiso para reubicar la obra.<\/p>\n\n\n\n<p>\u00abEl gobierno del estado se comprometi\u00f3 a reubicar nuestro centro de gesti\u00f3n integral para evitar los problemas sociales, en el cual Gobierno del Estado incumpli\u00f3 en este acuerdo. Ahorita los problemas los tenemos con el pueblo vecino\u00bb, explic\u00f3.<\/p>\n\n\n\n<p>Tambi\u00e9n detall\u00f3 que solamente el uno por ciento de los desechos de la comunidad se quedan en este sitio, ya que existe un convenio con la cementera Cruz Azul para el aprovechamiento de residuos.<\/p>\n\n\n\n<p>Por su parte, la comunidad de Tlalixtac argumenta que ese centro de gesti\u00f3n o \u00abtiradero\u00bb representa un riesgo de contaminaci\u00f3n para los pozos de la zona, las presas y el suelo en general.<\/p>\n\n\n\n<p>Debido al bloqueo, la autoridad de Huay\u00e1pam ha pedido a sus habitantes mantener la calma y evitar la confrontaci\u00f3n.<\/p>\n\n\n\n<p>El problema hab\u00eda estallado en noviembre del a\u00f1o pasado, pero se hab\u00eda llegado a una tregua en tanto se cumpl\u00eda la reubicaci\u00f3n de este sitio en un \u00e1rea m\u00e1s lejana de Tlalixtac. Sin embargo, hasta la fecha no se ha concretado.<\/p>\n\n\n\n<p>Por ahora, el gobierno estatal tampoco se ha pronunciado al respecto o explicado El por qu\u00e9 no se reubic\u00f3 este centro de gesti\u00f3n.<\/p>\n\n\n\n<figure class=\"wp-block-embed is-type-rich is-provider-twitter wp-block-embed-twitter\"><div class=\"wp-block-embed__wrapper\">\n<div class=\"twitter-tweet\"><blockquote class=\"twitter-tweet\" data-lang=\"es\"><p lang=\"es\" dir=\"ltr\"><a href=\"https:\/\/twitter.com\/hashtag\/AlMomento?src=hash&amp;ref_src=twsrc%5Etfw\">#AlMomento<\/a> <br>Por segundo d\u00eda consecutivo -y por segunda vez en el a\u00f1o-, pobladores de Tlalixtac de Cabrera bloquean con montones de tierra el acceso carretero a San Andr\u00e9s Huay\u00e1pam, al acusar a sus vecinos de incumplir con el retiro de un tiradero a cielo abierto que contamina sus\u2026 <a href=\"https:\/\/t.co\/xu24pzwXct\">pic.twitter.com\/xu24pzwXct<\/a><\/p>&mdash; Zona Roja Oaxaca (@ZonaRoja_Oaxaca) <a href=\"https:\/\/twitter.com\/ZonaRoja_Oaxaca\/status\/1991556146277007805?ref_src=twsrc%5Etfw\">20 de noviembre de 2025<\/a><\/blockquote><\/div>\n<\/div><\/figure>\n","protected":false},"excerpt":{"rendered":"<p>Lisbeth Mej\u00eda Reyes\/Zona Roja. Oaxaca, Oax., a 20 de noviembre de 2025.- El conflicto ambiental&hellip;<\/p>\n","protected":false},"author":2,"featured_media":87127,"comment_status":"closed","ping_status":"open","sticky":false,"template":"","format":"standard","meta":{"_lmt_disableupdate":"","_lmt_disable":"","_jetpack_memberships_contains_paid_content":false,"footnotes":""},"categories":[109,47],"tags":[1909,1259],"class_list":["post-87126","post","type-post","status-publish","format-standard","has-post-thumbnail","hentry","category-minuto-a-minuto","category-zona-gris","tag-san-andres-huayapam","tag-tlalixtac-de-cabrera"],"jetpack_featured_media_url":"https:\/\/zonaroja.com.mx\/wp-content\/uploads\/2025\/11\/Bloqueo-de-Tlalixtac-a-carretera-a-Huayapam.jpg","jetpack_sharing_enabled":true,"_links":{"self":[{"href":"https:\/\/zonaroja.com.mx\/index.php?rest_route=\/wp\/v2\/posts\/87126","targetHints":{"allow":["GET"]}}],"collection":[{"href":"https:\/\/zonaroja.com.mx\/index.php?rest_route=\/wp\/v2\/posts"}],"about":[{"href":"https:\/\/zonaroja.com.mx\/index.php?rest_route=\/wp\/v2\/types\/post"}],"author":[{"embeddable":true,"href":"https:\/\/zonaroja.com.mx\/index.php?rest_route=\/wp\/v2\/users\/2"}],"replies":[{"embeddable":true,"href":"https:\/\/zonaroja.com.mx\/index.php?rest_route=%2Fwp%2Fv2%2Fcomments&post=87126"}],"version-history":[{"count":1,"href":"https:\/\/zonaroja.com.mx\/index.php?rest_route=\/wp\/v2\/posts\/87126\/revisions"}],"predecessor-version":[{"id":87128,"href":"https:\/\/zonaroja.com.mx\/index.php?rest_route=\/wp\/v2\/posts\/87126\/revisions\/87128"}],"wp:featuredmedia":[{"embeddable":true,"href":"https:\/\/zonaroja.com.mx\/index.php?rest_route=\/wp\/v2\/media\/87127"}],"wp:attachment":[{"href":"https:\/\/zonaroja.com.mx\/index.php?rest_route=%2Fwp%2Fv2%2Fmedia&parent=87126"}],"wp:term":[{"taxonomy":"category","embeddable":true,"href":"https:\/\/zonaroja.com.mx\/index.php?rest_route=%2Fwp%2Fv2%2Fcategories&post=87126"},{"taxonomy":"post_tag","embeddable":true,"href":"https:\/\/zonaroja.com.mx\/index.php?rest_route=%2Fwp%2Fv2%2Ftags&post=87126"}],"curies":[{"name":"wp","href":"https:\/\/api.w.org\/{rel}","templated":true}]}}