{"id":87132,"date":"2025-11-20T21:40:00","date_gmt":"2025-11-21T03:40:00","guid":{"rendered":"https:\/\/zonaroja.com.mx\/?p=87132"},"modified":"2025-11-20T21:13:07","modified_gmt":"2025-11-21T03:13:07","slug":"revoca-el-teeo-convocatoria-de-eleccion-en-el-municipio-de-animas-trujano","status":"publish","type":"post","link":"https:\/\/zonaroja.com.mx\/?p=87132","title":{"rendered":"Revoca el TEEO convocatoria de elecci\u00f3n en el municipio de \u00c1nimas Trujano\u00a0"},"content":{"rendered":"\n<p>Redacci\u00f3n\/Zona Roja.<\/p>\n\n\n\n<p>Oaxaca, Oax., a 20 de noviembre de 2025.- El pleno del Tribunal Electoral del Estado de Oaxaca (TEEO), resolvi\u00f3 el medio de impugnaci\u00f3n identificado con la clave JDCI\/187\/2025, en el que revoc\u00f3 la convocatoria de elecci\u00f3n de concejales emitida por las autoridades del municipio de \u00c1nimas Trujano.&nbsp;<\/p>\n\n\n\n<p>En sesi\u00f3n p\u00fablica realizada a trav\u00e9s del sistema de videoconferencia, las magistraturas declararon fundados los agravios se\u00f1alados por ciudadanas y ciudadanos de esa comunidad, ya que, del estudio del proyecto, consta que el ayuntamiento no realiz\u00f3 una asamblea general comunitaria previa, conforme a su sistema normativo interno mediante el cual la comunidad define las reglas, requisitos, etapas y calendario del proceso electivo.<\/p>\n\n\n\n<p>La convocatoria emitida por las autoridades el 4 de noviembre para la elecci\u00f3n de concejales para el periodo constitucional 2026-2028, fue de manera unilateral.&nbsp;<\/p>\n\n\n\n<p>Lo que genera incertidumbre jur\u00eddica y afecta el derecho pol\u00edtico-electoral de la comunidad ind\u00edgena, al imponer reglas no consensuadas, expuso este Tribunal.&nbsp;<\/p>\n\n\n\n<p>El TEEO orden\u00f3 a las autoridades a que convoquen a una asamblea general comunitaria previa, respetando sus formas tradicionales de comunicaci\u00f3n y que tenga mayor difusi\u00f3n, para que la ciudadan\u00eda en pleno ejercicio de su libre determinaci\u00f3n y autonom\u00eda, acuerden los t\u00e9rminos para la elecci\u00f3n de sus autoridades.<\/p>\n","protected":false},"excerpt":{"rendered":"<p>Redacci\u00f3n\/Zona Roja. Oaxaca, Oax., a 20 de noviembre de 2025.- El pleno del Tribunal Electoral&hellip;<\/p>\n","protected":false},"author":2,"featured_media":87133,"comment_status":"closed","ping_status":"open","sticky":false,"template":"","format":"standard","meta":{"_lmt_disableupdate":"","_lmt_disable":"","_jetpack_memberships_contains_paid_content":false,"footnotes":""},"categories":[109,47],"tags":[1953,2235],"class_list":["post-87132","post","type-post","status-publish","format-standard","has-post-thumbnail","hentry","category-minuto-a-minuto","category-zona-gris","tag-animas-trujano","tag-tribunal-electoral-del-estado-de-oaxaca-teeo"],"jetpack_featured_media_url":"https:\/\/zonaroja.com.mx\/wp-content\/uploads\/2025\/11\/Municipio-de-animas-Trujano.jpg","jetpack_sharing_enabled":true,"_links":{"self":[{"href":"https:\/\/zonaroja.com.mx\/index.php?rest_route=\/wp\/v2\/posts\/87132","targetHints":{"allow":["GET"]}}],"collection":[{"href":"https:\/\/zonaroja.com.mx\/index.php?rest_route=\/wp\/v2\/posts"}],"about":[{"href":"https:\/\/zonaroja.com.mx\/index.php?rest_route=\/wp\/v2\/types\/post"}],"author":[{"embeddable":true,"href":"https:\/\/zonaroja.com.mx\/index.php?rest_route=\/wp\/v2\/users\/2"}],"replies":[{"embeddable":true,"href":"https:\/\/zonaroja.com.mx\/index.php?rest_route=%2Fwp%2Fv2%2Fcomments&post=87132"}],"version-history":[{"count":1,"href":"https:\/\/zonaroja.com.mx\/index.php?rest_route=\/wp\/v2\/posts\/87132\/revisions"}],"predecessor-version":[{"id":87134,"href":"https:\/\/zonaroja.com.mx\/index.php?rest_route=\/wp\/v2\/posts\/87132\/revisions\/87134"}],"wp:featuredmedia":[{"embeddable":true,"href":"https:\/\/zonaroja.com.mx\/index.php?rest_route=\/wp\/v2\/media\/87133"}],"wp:attachment":[{"href":"https:\/\/zonaroja.com.mx\/index.php?rest_route=%2Fwp%2Fv2%2Fmedia&parent=87132"}],"wp:term":[{"taxonomy":"category","embeddable":true,"href":"https:\/\/zonaroja.com.mx\/index.php?rest_route=%2Fwp%2Fv2%2Fcategories&post=87132"},{"taxonomy":"post_tag","embeddable":true,"href":"https:\/\/zonaroja.com.mx\/index.php?rest_route=%2Fwp%2Fv2%2Ftags&post=87132"}],"curies":[{"name":"wp","href":"https:\/\/api.w.org\/{rel}","templated":true}]}}