{"id":87135,"date":"2025-11-20T21:35:00","date_gmt":"2025-11-21T03:35:00","guid":{"rendered":"https:\/\/zonaroja.com.mx\/?p=87135"},"modified":"2025-11-20T21:35:00","modified_gmt":"2025-11-21T03:35:00","slug":"no-cesa-la-violencia-en-el-istmo-un-asesinado-ahora-en-jalapa-del-marques","status":"publish","type":"post","link":"https:\/\/zonaroja.com.mx\/?p=87135","title":{"rendered":"No cesa la violencia en el Istmo; un asesinado ahora en Jalapa del Marqu\u00e9s"},"content":{"rendered":"\n<p>Raymundo Morales\/Zona Roja.<\/p>\n\n\n\n<p>Oaxaca, Oax., a 20 de noviembre de 2025.- La violencia no para en la regi\u00f3n del Istmo de Tehuantepec y ahora ultimaron a un individuo en el municipio de Santa Mar\u00eda Jalapa del Marqu\u00e9s.<\/p>\n\n\n\n<p>Seg\u00fan confirmaron reportes policiacos y autoridades ministeriales, el crimen se perpetr\u00f3 ayer por la tarde en un domicilio de la colonia Linda Vista.<\/p>\n\n\n\n<p>Tras las m\u00faltiples detonaciones de arma de fuego, arribaron polic\u00edas locales al lugar, donde hallaron a una persona lesionada; param\u00e9dicos corroboraron posteriormente que ya no contaba con signos vitales.<\/p>\n\n\n\n<p>De manera preliminar se dio a conocer que la v\u00edctima fue identificada como Armando Z. M., y hasta el momento se desconoce el m\u00f3vil del crimen, al igual que la identidad de los agresores.<\/p>\n\n\n\n<p>Personal de la Vicefiscal\u00eda Regional del Istmo, de la Fiscal\u00eda General del Estado de Oaxaca, realiz\u00f3 las primeras labores periciales y abri\u00f3 la carpeta de investigaci\u00f3n correspondiente, con la finalidad de esclarecer el caso y llevar ante la justicia al o los probables homicidas.<\/p>\n","protected":false},"excerpt":{"rendered":"<p>Raymundo Morales\/Zona Roja. Oaxaca, Oax., a 20 de noviembre de 2025.- La violencia no para&hellip;<\/p>\n","protected":false},"author":2,"featured_media":64381,"comment_status":"closed","ping_status":"open","sticky":false,"template":"","format":"standard","meta":{"_lmt_disableupdate":"","_lmt_disable":"","_jetpack_memberships_contains_paid_content":false,"footnotes":""},"categories":[109,51],"tags":[1677],"class_list":["post-87135","post","type-post","status-publish","format-standard","has-post-thumbnail","hentry","category-minuto-a-minuto","category-zona-roja","tag-jalapa-del-marques"],"jetpack_featured_media_url":"https:\/\/zonaroja.com.mx\/wp-content\/uploads\/2024\/01\/Jalapa-del-Marques.webp","jetpack_sharing_enabled":true,"_links":{"self":[{"href":"https:\/\/zonaroja.com.mx\/index.php?rest_route=\/wp\/v2\/posts\/87135","targetHints":{"allow":["GET"]}}],"collection":[{"href":"https:\/\/zonaroja.com.mx\/index.php?rest_route=\/wp\/v2\/posts"}],"about":[{"href":"https:\/\/zonaroja.com.mx\/index.php?rest_route=\/wp\/v2\/types\/post"}],"author":[{"embeddable":true,"href":"https:\/\/zonaroja.com.mx\/index.php?rest_route=\/wp\/v2\/users\/2"}],"replies":[{"embeddable":true,"href":"https:\/\/zonaroja.com.mx\/index.php?rest_route=%2Fwp%2Fv2%2Fcomments&post=87135"}],"version-history":[{"count":1,"href":"https:\/\/zonaroja.com.mx\/index.php?rest_route=\/wp\/v2\/posts\/87135\/revisions"}],"predecessor-version":[{"id":87136,"href":"https:\/\/zonaroja.com.mx\/index.php?rest_route=\/wp\/v2\/posts\/87135\/revisions\/87136"}],"wp:featuredmedia":[{"embeddable":true,"href":"https:\/\/zonaroja.com.mx\/index.php?rest_route=\/wp\/v2\/media\/64381"}],"wp:attachment":[{"href":"https:\/\/zonaroja.com.mx\/index.php?rest_route=%2Fwp%2Fv2%2Fmedia&parent=87135"}],"wp:term":[{"taxonomy":"category","embeddable":true,"href":"https:\/\/zonaroja.com.mx\/index.php?rest_route=%2Fwp%2Fv2%2Fcategories&post=87135"},{"taxonomy":"post_tag","embeddable":true,"href":"https:\/\/zonaroja.com.mx\/index.php?rest_route=%2Fwp%2Fv2%2Ftags&post=87135"}],"curies":[{"name":"wp","href":"https:\/\/api.w.org\/{rel}","templated":true}]}}