{"id":8714,"date":"2020-02-13T08:35:20","date_gmt":"2020-02-13T14:35:20","guid":{"rendered":"http:\/\/www.zonaroja.com.mx\/?p=8714"},"modified":"2020-02-13T08:35:24","modified_gmt":"2020-02-13T14:35:24","slug":"va-congreso-por-regulacion-de-centros-de-rehabilitacion-en-oaxaca","status":"publish","type":"post","link":"https:\/\/zonaroja.com.mx\/?p=8714","title":{"rendered":"Va Congreso por regulaci\u00f3n de centros de rehabilitaci\u00f3n en Oaxaca"},"content":{"rendered":"\n<p>Evlin\nArag\u00f3n\/Zona Roja.<\/p>\n\n\n\n<p>Oaxaca de\nJu\u00e1rez, Oax., 13 de febrero de 2020.- La diputada local por el Partido Morena,\nMagaly Dom\u00ednguez L\u00f3pez, present\u00f3 un punto de acuerdo en la sesi\u00f3n ordinaria de\nla 64 Legislatura, en que pide se regulen los centros de rehabilitaci\u00f3n para personas\nadictas, debido a la violencia y las graves violaciones a los derechos humanos\nque se registran en algunos de estos espacios.<\/p>\n\n\n\n<p>El pasado 7\nde febrero trascendi\u00f3 la muerte de un joven al interior de un centro de\nrehabilitaci\u00f3n en San Raymundo Jalpan, presuntamente a consecuencia de un paro\ncardiaco, sin embargo, a trav\u00e9s de fotograf\u00edas la familia de la v\u00edctima\ndenunci\u00f3 presuntos actos de tortura en el lugar, debido a las marcas que\npresentaba en el cuerpo. <\/p>\n\n\n\n<p>De acuerdo\ncon la legisladora, las diferentes notas al respecto evidencian la falta de\nregulaci\u00f3n y verificaci\u00f3n de los llamados centros de rehabilitaci\u00f3n de\nadicciones o anexos, pese a que el Gobierno del Estado est\u00e1 obligado a brindar\nel servicio o en su defecto asegurarse que los que se instalan de forma\nparticular cuenten con las m\u00ednimas caracter\u00edsticas de bienestar. <\/p>\n\n\n\n<p>\u201cExiste una Norma\nOficial Mexicana que establece una serie de requisitos, que dichos centros de\nrehabilitaci\u00f3n deben cumplir para poder operar, la mayor\u00eda de ellos no las\ncumplen, sin que la autoridad sanitaria determine su cierre, esto sin duda\npromueve la clandestinidad y la ilegalidad\u201d, se\u00f1al\u00f3 la legisladora en su\nexposici\u00f3n de motivos.<\/p>\n\n\n\n<p>Por lo ello,\nL\u00f3pez Dom\u00ednguez present\u00f3 una iniciativa que pretende hacer adiciones al\narticulado de la Ley Estatal de Salud y la Ley Org\u00e1nica Municipal del Estado de\nOaxaca, misma que fue turnada a comisiones a fin de analizarla a profundidad y\npronunciarse al respecto.<\/p>\n\n\n\n<p>Lo anterior\ncon la finalidad de especificar que el control, verificaci\u00f3n, supervisi\u00f3n,\nmonitoreo y autorizaci\u00f3n del funcionamiento de los espacios de car\u00e1cter\np\u00fablico, privado, social o religioso, fijos o m\u00f3viles, que proporcionen\nservicios para la atenci\u00f3n espec\u00edfica de personas con consumo perjudicial o\nadicci\u00f3n a sustancias psicoactivas, le corresponde al Gobierno del Estado, a\ntrav\u00e9s de los Servicios de Salud, y no a las autoridades municipales que no\ncuentan con personal especializado para determinar su dichos centros cumplen\ncon la regulaci\u00f3n sanitaria.<\/p>\n\n\n\n<p>As\u00ed mismo,\npresent\u00f3 un punto de acuerdo que exhorta al director general de los Servicios\nde Salud de Oaxaca, a elaborar un padr\u00f3n de los centros de rehabilitaci\u00f3n,\natenci\u00f3n de adicciones o cualquiera que sea su denominaci\u00f3n, e Implemente\nmecanismos para la verificaci\u00f3n, supervisi\u00f3n y monitoreo del funcionamiento de\nlos mismos.<\/p>\n\n\n\n<p>\u201cEs\nindispensable la verificaci\u00f3n, supervisi\u00f3n y monitoreo de estos espacios con la\nfinalidad de que se determine si contin\u00faan prestando su servicio o es\nprocedente el cierre, por el incumplimiento a las leyes de salud y espec\u00edficamente\na norma oficial en la materia\u201d, dijo la legisladora.<\/p>\n\n\n\n<p>Lament\u00f3 la\nfalta de capacidad de las autoridades locales para atender la problem\u00e1tica y\nque la atenci\u00f3n residencial para personas con adicci\u00f3n a sustancias\npsicoactivas est\u00e9 en manos del sector privado, de quienes no se tiene muchos\nantecedentes y no existe regulaci\u00f3n al respecto.<\/p>\n\n\n\n<p>De acuerdo\ncon un breve recuento hemerogr\u00e1fico que acompa\u00f1\u00f3 su propuesta, el viernes\npasado mes de diciembre fueron rescatadas m\u00e1s de 100 personas que se\nencontraban al interior de un centro de rehabilitaci\u00f3n, quienes presentaban\nhuellas de tortura; mientras que en enero del 2017 dos personas, en dos centros\ndiferentes, murieron en condiciones sospechosas.<\/p>\n","protected":false},"excerpt":{"rendered":"<p>Evlin Arag\u00f3n\/Zona Roja. Oaxaca de Ju\u00e1rez, Oax., 13 de febrero de 2020.- La diputada local&hellip;<\/p>\n","protected":false},"author":2,"featured_media":8715,"comment_status":"closed","ping_status":"open","sticky":false,"template":"","format":"standard","meta":{"_lmt_disableupdate":"","_lmt_disable":"","_jetpack_memberships_contains_paid_content":false,"footnotes":""},"categories":[109,47],"tags":[192],"class_list":["post-8714","post","type-post","status-publish","format-standard","has-post-thumbnail","hentry","category-minuto-a-minuto","category-zona-gris","tag-diputada-magaly-lopez-dominguez"],"jetpack_featured_media_url":"https:\/\/zonaroja.com.mx\/wp-content\/uploads\/2020\/02\/Diputada-Magaly-L\u00f3pez.jpg","jetpack_sharing_enabled":true,"_links":{"self":[{"href":"https:\/\/zonaroja.com.mx\/index.php?rest_route=\/wp\/v2\/posts\/8714","targetHints":{"allow":["GET"]}}],"collection":[{"href":"https:\/\/zonaroja.com.mx\/index.php?rest_route=\/wp\/v2\/posts"}],"about":[{"href":"https:\/\/zonaroja.com.mx\/index.php?rest_route=\/wp\/v2\/types\/post"}],"author":[{"embeddable":true,"href":"https:\/\/zonaroja.com.mx\/index.php?rest_route=\/wp\/v2\/users\/2"}],"replies":[{"embeddable":true,"href":"https:\/\/zonaroja.com.mx\/index.php?rest_route=%2Fwp%2Fv2%2Fcomments&post=8714"}],"version-history":[{"count":1,"href":"https:\/\/zonaroja.com.mx\/index.php?rest_route=\/wp\/v2\/posts\/8714\/revisions"}],"predecessor-version":[{"id":8716,"href":"https:\/\/zonaroja.com.mx\/index.php?rest_route=\/wp\/v2\/posts\/8714\/revisions\/8716"}],"wp:featuredmedia":[{"embeddable":true,"href":"https:\/\/zonaroja.com.mx\/index.php?rest_route=\/wp\/v2\/media\/8715"}],"wp:attachment":[{"href":"https:\/\/zonaroja.com.mx\/index.php?rest_route=%2Fwp%2Fv2%2Fmedia&parent=8714"}],"wp:term":[{"taxonomy":"category","embeddable":true,"href":"https:\/\/zonaroja.com.mx\/index.php?rest_route=%2Fwp%2Fv2%2Fcategories&post=8714"},{"taxonomy":"post_tag","embeddable":true,"href":"https:\/\/zonaroja.com.mx\/index.php?rest_route=%2Fwp%2Fv2%2Ftags&post=8714"}],"curies":[{"name":"wp","href":"https:\/\/api.w.org\/{rel}","templated":true}]}}