{"id":87157,"date":"2025-11-21T15:41:09","date_gmt":"2025-11-21T21:41:09","guid":{"rendered":"https:\/\/zonaroja.com.mx\/?p=87157"},"modified":"2025-11-21T15:41:13","modified_gmt":"2025-11-21T21:41:13","slug":"con-marcha-exigente-certeza-academica-y-laboral-para-universidad-intercultural","status":"publish","type":"post","link":"https:\/\/zonaroja.com.mx\/?p=87157","title":{"rendered":"Con marcha, exigente certeza acad\u00e9mica y laboral para Universidad Intercultural"},"content":{"rendered":"\n<p>Lisbeth Mej\u00eda Reyes\/Zona Roja.<\/p>\n\n\n\n<p>Oaxaca, Oax., a 21 de noviembre de 2025.- Con una marcha en la ciudad de Oaxaca, docentes y alumnos de la unidad Chiltepec de la Universidad Intercultural del Pueblo del estado de Oaxaca exigen a la rectora, Sofon\u00edas Milca Antonio Gonz\u00e1lez, y al gobierno estatal certeza acad\u00e9mica y laboral.<\/p>\n\n\n\n<p>Roc\u00edo Mart\u00ednez Colorado, coordinadora de la Unidad Acad\u00e9mica de San Jos\u00e9 Chiltepec, regi\u00f3n Cuenca del Papaloapan, explic\u00f3 que ya tienen seis a\u00f1os de trabajo y que aun cuando la universidad est\u00e1 reconocida y tiene clave de centro de trabajo, todav\u00eda falta el reconocimiento de las licenciaturas.&nbsp;<\/p>\n\n\n\n<p>La falta de este reconocimiento impide que las y los egresados cuenten con un t\u00edtulo profesional y por ende puedan ejercer. En esta situaci\u00f3n est\u00e1n las y los egresados de hace tres a\u00f1os, explic\u00f3, pues carecen de documentos.<\/p>\n\n\n\n<p>La docente agreg\u00f3 que en este a\u00f1o la universidad tuvo seis millones de pesos en presupuesto, pero que este ya fue gastado por la rector\u00eda en banquetes, pasajes, rentas y dem\u00e1s conceptos, pero no en beneficios de los planteles, pues en el caso del de Chiltepec falta mobiliario escolar.<\/p>\n\n\n\n<p>Previo a la marcha, que lleg\u00f3 al centro de la ciudad, la docente expuso que aunque el modelo educativo fue reconocido en el primer a\u00f1o de gobierno de Salom\u00f3n Jara Cruz, a\u00fan hay rezagos.<\/p>\n\n\n\n<p>\u00abVamos avanzando muy lento a pesar de que tenemos una rectora y de que tiene una estructura, no sabemos a ciencia cierta en qu\u00e9 fecha fue autorizada la estructura porque no fue consensuada con maestros, no fue consensuada por ning\u00fan coordinaci\u00f3n, en cambio ha sido oficialmente presentada supuestamente ante una junta de gobierno, en la que no estuvo ning\u00fan docente ni coordinador\u00bb.<\/p>\n\n\n\n<p>Con carteles, docentes y alumnado exigi\u00f3 cuentas claras y atenci\u00f3n a las demandas educativas, as\u00ed como la contrataci\u00f3n de personal docente (aproximadamente 200 profesores) que se mantiene en la incertidumbre en esta y las dem\u00e1s unidades.<\/p>\n\n\n\n<p>\u00abNecesitamos cuentas claras por parte de la rectora, sabemos que ha hecho su trabajo, pero necesitamos que se consolide bien este proyecto porque es una necesidad de nuestras comunidades\u00bb, apunt\u00f3 la coordinadora.<\/p>\n\n\n\n<p>En la unidad de Chiltepec, la matr\u00edcula estimada es de 260 alumnos en las licenciaturas de Derecho, Educaci\u00f3n Intercultural y la Ingenier\u00eda en Sistemas de Producci\u00f3n Agroecol\u00f3gicos.<\/p>\n\n\n\n<p>La universidad tiene 16 unidades acad\u00e9micas en las ocho regiones. La de Chiltepec se localiza en la agencia de Arroyo Cho\u00e1pam.<\/p>\n\n\n\n<p>De acuerdo con su sitio web, la Universidad Intercultural del Pueblo \u00abes una instituci\u00f3n que entr\u00f3 en funcionamiento desde el 23 de septiembre de 2019 y que con base en su decreto de creaci\u00f3n, es sectorizada a la Secretar\u00eda de Educaci\u00f3n P\u00fablica Estatal desde el 23 de mayo del 2024\u00bb.<\/p>\n\n\n\n<figure class=\"wp-block-embed is-type-rich is-provider-twitter wp-block-embed-twitter\"><div class=\"wp-block-embed__wrapper\">\n<div class=\"twitter-tweet\"><blockquote class=\"twitter-tweet\" data-lang=\"es\"><p lang=\"es\" dir=\"ltr\">Con una marcha en la ciudad de Oaxaca, alumnos y trabajadores de la Universidad Intercultural del Pueblo, exigen pago y contrataci\u00f3n de docentes, as\u00ed como regularizaci\u00f3n administrativa, transparencia y reconocimiento acad\u00e9mico. <br>Parten de la fuente de las Ocho Regiones con rumbo\u2026 <a href=\"https:\/\/t.co\/OI1dlCNCeK\">pic.twitter.com\/OI1dlCNCeK<\/a><\/p>&mdash; Zona Roja Oaxaca (@ZonaRoja_Oaxaca) <a href=\"https:\/\/twitter.com\/ZonaRoja_Oaxaca\/status\/1991908476524638431?ref_src=twsrc%5Etfw\">21 de noviembre de 2025<\/a><\/blockquote><\/div>\n<\/div><\/figure>\n","protected":false},"excerpt":{"rendered":"<p>Lisbeth Mej\u00eda Reyes\/Zona Roja. Oaxaca, Oax., a 21 de noviembre de 2025.- Con una marcha&hellip;<\/p>\n","protected":false},"author":2,"featured_media":87160,"comment_status":"closed","ping_status":"open","sticky":false,"template":"","format":"standard","meta":{"_lmt_disableupdate":"","_lmt_disable":"","_jetpack_memberships_contains_paid_content":false,"footnotes":""},"categories":[109,47],"tags":[4546],"class_list":["post-87157","post","type-post","status-publish","format-standard","has-post-thumbnail","hentry","category-minuto-a-minuto","category-zona-gris","tag-universidad-intercultural-del-pueblo-oaxaca"],"jetpack_featured_media_url":"https:\/\/zonaroja.com.mx\/wp-content\/uploads\/2025\/11\/Marcha-Universidad-Intercultural-del-Pueblo.jpg","jetpack_sharing_enabled":true,"_links":{"self":[{"href":"https:\/\/zonaroja.com.mx\/index.php?rest_route=\/wp\/v2\/posts\/87157","targetHints":{"allow":["GET"]}}],"collection":[{"href":"https:\/\/zonaroja.com.mx\/index.php?rest_route=\/wp\/v2\/posts"}],"about":[{"href":"https:\/\/zonaroja.com.mx\/index.php?rest_route=\/wp\/v2\/types\/post"}],"author":[{"embeddable":true,"href":"https:\/\/zonaroja.com.mx\/index.php?rest_route=\/wp\/v2\/users\/2"}],"replies":[{"embeddable":true,"href":"https:\/\/zonaroja.com.mx\/index.php?rest_route=%2Fwp%2Fv2%2Fcomments&post=87157"}],"version-history":[{"count":1,"href":"https:\/\/zonaroja.com.mx\/index.php?rest_route=\/wp\/v2\/posts\/87157\/revisions"}],"predecessor-version":[{"id":87161,"href":"https:\/\/zonaroja.com.mx\/index.php?rest_route=\/wp\/v2\/posts\/87157\/revisions\/87161"}],"wp:featuredmedia":[{"embeddable":true,"href":"https:\/\/zonaroja.com.mx\/index.php?rest_route=\/wp\/v2\/media\/87160"}],"wp:attachment":[{"href":"https:\/\/zonaroja.com.mx\/index.php?rest_route=%2Fwp%2Fv2%2Fmedia&parent=87157"}],"wp:term":[{"taxonomy":"category","embeddable":true,"href":"https:\/\/zonaroja.com.mx\/index.php?rest_route=%2Fwp%2Fv2%2Fcategories&post=87157"},{"taxonomy":"post_tag","embeddable":true,"href":"https:\/\/zonaroja.com.mx\/index.php?rest_route=%2Fwp%2Fv2%2Ftags&post=87157"}],"curies":[{"name":"wp","href":"https:\/\/api.w.org\/{rel}","templated":true}]}}