{"id":87162,"date":"2025-11-21T16:08:43","date_gmt":"2025-11-21T22:08:43","guid":{"rendered":"https:\/\/zonaroja.com.mx\/?p=87162"},"modified":"2025-11-21T16:08:46","modified_gmt":"2025-11-21T22:08:46","slug":"atentan-contra-domicilio-de-aspirante-a-edil-de-san-antonio-de-la-cal","status":"publish","type":"post","link":"https:\/\/zonaroja.com.mx\/?p=87162","title":{"rendered":"Atentan contra domicilio de aspirante a edil de San Antonio de la Cal"},"content":{"rendered":"\n<p>Ismael Garc\u00eda M.\/Zona Roja.<\/p>\n\n\n\n<p>Oaxaca, Oax., a 21 de noviembre de 2025.- Sujetos armados a bordo de una motocicleta dispararon en contra de un domicilio de un aspirante a la presidencia de San Antonio de la Cal, municipio conurbado a la capital de Oaxaca.<\/p>\n\n\n\n<p>La Fiscal\u00eda del Estado de Oaxaca (FGEO) confirm\u00f3 el hecho y abri\u00f3 la carpeta de investigaci\u00f3n correspondiente por la agresi\u00f3n con disparos de arma de fuego contra un domicilio ubicado en la Segunda Secci\u00f3n, ocurrida la madrugada de ayer jueves, sin que se reportaran personas lesionadas.<\/p>\n\n\n\n<p>Se trata de Juan Alejandro Mart\u00ednez Garc\u00eda, quien tambi\u00e9n confirm\u00f3 el ataque armado e inform\u00f3 que ya present\u00f3 su denuncia ante la Fiscal\u00eda; evit\u00f3 dar detalles de qui\u00e9nes podr\u00edan ser los responsables intelectuales de este hecho violento.<\/p>\n\n\n\n<p>Entrevistado luego de acudir a una oficina del Instituto Estatal Electoral y de Participaci\u00f3n Ciudadana de Oaxaca (IEEPO), para registrarse como candidato a presidente municipal, exhort\u00f3 a las autoridades correspondientes a garantizar un clima de paz y gobernabilidad para la pr\u00f3xima jornada comicial.<\/p>\n\n\n\n<p>\u201cEl clima electoral, pues de repente hay grupos que se apasionan, grupos que en su momento, pero hemos comentado que no nos apasionemos tanto, nuestros ciudadanos deben estar orgullosos de nosotros.<\/p>\n\n\n\n<p>\u201cInvito a todos los amigos para que hagamos una elecci\u00f3n pac\u00edfica, donde podamos sumar todos y lejos de dividir a nuestro municipio, sumamos todos\u201d, dijo en entrevista colectiva.<\/p>\n\n\n\n<p>\u201cInvito al presidente (municipal) que haga lo propio con la seguridad; si esto pasa la ciudadan\u00eda va a estar contenta y creo que el pueblo en general lo va a agradecer\u201d, expuso, al evitar se\u00f1alar a responsables de la agresi\u00f3n armada.<\/p>\n\n\n\n<p>&nbsp;En un comunicado de prensa, la Fiscal\u00eda de Oaxaca inform\u00f3 que, a trav\u00e9s de la Vicefiscal\u00eda de Valles Centrales, despleg\u00f3 un equipo multidisciplinario para continuar con las diligencias pertinentes y presentar ante la justicia a quien o quienes resulten responsables.<\/p>\n\n\n\n<p>\u201cLa Fiscal\u00eda de Oaxaca est\u00e1 comprometida con realizar investigaciones que permitan una adecuada procuraci\u00f3n de justicia que brinde resultados eficaces\u201d, expuso.\u00a0<\/p>\n\n\n\n<figure class=\"wp-block-embed is-type-rich is-provider-twitter wp-block-embed-twitter\"><div class=\"wp-block-embed__wrapper\">\n<div class=\"twitter-tweet\"><blockquote class=\"twitter-tweet\" data-lang=\"es\"><p lang=\"es\" dir=\"ltr\">Confirma Juan Alejandro Mart\u00ednez Garc\u00eda, aspirante a la presidencia municipal de San Antonio de la Cal, que su domicilio fue baleado ayer, por lo cual present\u00f3 su denuncia ante la Fiscal\u00eda General. <br>Pide a las autoridades correspondientes garantizar la paz y civilidad en los\u2026 <a href=\"https:\/\/t.co\/JR3JvjixIL\">pic.twitter.com\/JR3JvjixIL<\/a><\/p>&mdash; Zona Roja Oaxaca (@ZonaRoja_Oaxaca) <a href=\"https:\/\/twitter.com\/ZonaRoja_Oaxaca\/status\/1991940009792823782?ref_src=twsrc%5Etfw\">21 de noviembre de 2025<\/a><\/blockquote><\/div>\n<\/div><\/figure>\n","protected":false},"excerpt":{"rendered":"<p>Ismael Garc\u00eda M.\/Zona Roja. Oaxaca, Oax., a 21 de noviembre de 2025.- Sujetos armados a&hellip;<\/p>\n","protected":false},"author":2,"featured_media":87158,"comment_status":"closed","ping_status":"open","sticky":false,"template":"","format":"standard","meta":{"_lmt_disableupdate":"","_lmt_disable":"","_jetpack_memberships_contains_paid_content":false,"footnotes":""},"categories":[109,47],"tags":[4547,875],"class_list":["post-87162","post","type-post","status-publish","format-standard","has-post-thumbnail","hentry","category-minuto-a-minuto","category-zona-gris","tag-alejandro-martinez-garcia","tag-san-antonio-de-la-cal"],"jetpack_featured_media_url":"https:\/\/zonaroja.com.mx\/wp-content\/uploads\/2025\/11\/Alejandro-Martinez-El-Pirri-San-Antonio-de-la-Cal.jpg","jetpack_sharing_enabled":true,"_links":{"self":[{"href":"https:\/\/zonaroja.com.mx\/index.php?rest_route=\/wp\/v2\/posts\/87162","targetHints":{"allow":["GET"]}}],"collection":[{"href":"https:\/\/zonaroja.com.mx\/index.php?rest_route=\/wp\/v2\/posts"}],"about":[{"href":"https:\/\/zonaroja.com.mx\/index.php?rest_route=\/wp\/v2\/types\/post"}],"author":[{"embeddable":true,"href":"https:\/\/zonaroja.com.mx\/index.php?rest_route=\/wp\/v2\/users\/2"}],"replies":[{"embeddable":true,"href":"https:\/\/zonaroja.com.mx\/index.php?rest_route=%2Fwp%2Fv2%2Fcomments&post=87162"}],"version-history":[{"count":1,"href":"https:\/\/zonaroja.com.mx\/index.php?rest_route=\/wp\/v2\/posts\/87162\/revisions"}],"predecessor-version":[{"id":87163,"href":"https:\/\/zonaroja.com.mx\/index.php?rest_route=\/wp\/v2\/posts\/87162\/revisions\/87163"}],"wp:featuredmedia":[{"embeddable":true,"href":"https:\/\/zonaroja.com.mx\/index.php?rest_route=\/wp\/v2\/media\/87158"}],"wp:attachment":[{"href":"https:\/\/zonaroja.com.mx\/index.php?rest_route=%2Fwp%2Fv2%2Fmedia&parent=87162"}],"wp:term":[{"taxonomy":"category","embeddable":true,"href":"https:\/\/zonaroja.com.mx\/index.php?rest_route=%2Fwp%2Fv2%2Fcategories&post=87162"},{"taxonomy":"post_tag","embeddable":true,"href":"https:\/\/zonaroja.com.mx\/index.php?rest_route=%2Fwp%2Fv2%2Ftags&post=87162"}],"curies":[{"name":"wp","href":"https:\/\/api.w.org\/{rel}","templated":true}]}}