{"id":87167,"date":"2025-11-21T17:50:48","date_gmt":"2025-11-21T23:50:48","guid":{"rendered":"https:\/\/zonaroja.com.mx\/?p=87167"},"modified":"2025-11-21T17:50:48","modified_gmt":"2025-11-21T23:50:48","slug":"amaga-el-magisterio-con-boicotear-las-actividades-de-sheinbaum-en-oaxaca","status":"publish","type":"post","link":"https:\/\/zonaroja.com.mx\/?p=87167","title":{"rendered":"Amaga el magisterio con boicotear las actividades de Sheinbaum en Oaxaca"},"content":{"rendered":"\n<p>Ismael Garc\u00eda M.\/Zona Roja.<\/p>\n\n\n\n<p>Oaxaca, Oax., a 21 de noviembre de 2025.- La dirigencia de la Secci\u00f3n 22 del Sindicato Nacional de Trabajadores de la Educaci\u00f3n (SNTE) convoc\u00f3 de manera urgente a una concentraci\u00f3n masiva en las actividades que tendr\u00e1 hoy y ma\u00f1ana la Presidenta de M\u00e9xico, Claudia Sheinbaum, en la entidad oaxaque\u00f1a.<\/p>\n\n\n\n<p>De acuerdo con la agenda preliminar de la mandataria mexicana, esta tarde se encuentra en Chiapas y posteriormente arribar\u00e1 a Chahuites, Juchit\u00e1n de Zaragoza y Ciudad Ixtepec.&nbsp;<\/p>\n\n\n\n<p>Lo anterior para inaugurar las respectivas estaciones de la l\u00ednea K del tren Trans\u00edstmico, proveniente del estado vecino de Chiapas.<\/p>\n\n\n\n<p>En ese marco, a las 18:00 horas de este viernes est\u00e1n citados en Juchit\u00e1n los agremiados de la regi\u00f3n del Istmo, para protestar en el evento.<\/p>\n\n\n\n<p>Tambi\u00e9n ma\u00f1ana la Presidenta Sheinbaum tiene previsto llegar a San Pedro y San Pablo Teposcolula, municipio de la regi\u00f3n Mixteca del estado, para revisar diversas acciones de infraestructura.<\/p>\n\n\n\n<p>En este caso, la representaci\u00f3n de dicha zona tambi\u00e9n ya emiti\u00f3 su convocatoria, para que a partir de las 12:00 horas est\u00e9n presentes en la sede de la Escuela Normal de Teposcolula, donde se efectuar\u00e1 la actividad.<\/p>\n\n\n\n<p>Las convocatorias urgentes emitidas hoy se basan en el acuerdo n\u00famero 5 de la asamblea estatal, que cita que en cada evento que tenga la Presidenta en la entidad, efectuaran sus movilizaciones.<\/p>\n\n\n\n<p>Lo anterior para insistir en la derogaci\u00f3n de la Ley del ISSSTE del 2007 y de las reformas a la Ley de Educaci\u00f3n del 2015, entre otras demandas.&nbsp;<\/p>\n","protected":false},"excerpt":{"rendered":"<p>Ismael Garc\u00eda M.\/Zona Roja. Oaxaca, Oax., a 21 de noviembre de 2025.- La dirigencia de&hellip;<\/p>\n","protected":false},"author":2,"featured_media":87166,"comment_status":"closed","ping_status":"open","sticky":false,"template":"","format":"standard","meta":{"_lmt_disableupdate":"","_lmt_disable":"","_jetpack_memberships_contains_paid_content":false,"footnotes":""},"categories":[109,47],"tags":[4365,312],"class_list":["post-87167","post","type-post","status-publish","format-standard","has-post-thumbnail","hentry","category-minuto-a-minuto","category-zona-gris","tag-claudia-sheinbaum-en-oaxaca","tag-seccion-22-del-snte"],"jetpack_featured_media_url":"https:\/\/zonaroja.com.mx\/wp-content\/uploads\/2025\/11\/img_2307.jpg","jetpack_sharing_enabled":true,"_links":{"self":[{"href":"https:\/\/zonaroja.com.mx\/index.php?rest_route=\/wp\/v2\/posts\/87167","targetHints":{"allow":["GET"]}}],"collection":[{"href":"https:\/\/zonaroja.com.mx\/index.php?rest_route=\/wp\/v2\/posts"}],"about":[{"href":"https:\/\/zonaroja.com.mx\/index.php?rest_route=\/wp\/v2\/types\/post"}],"author":[{"embeddable":true,"href":"https:\/\/zonaroja.com.mx\/index.php?rest_route=\/wp\/v2\/users\/2"}],"replies":[{"embeddable":true,"href":"https:\/\/zonaroja.com.mx\/index.php?rest_route=%2Fwp%2Fv2%2Fcomments&post=87167"}],"version-history":[{"count":1,"href":"https:\/\/zonaroja.com.mx\/index.php?rest_route=\/wp\/v2\/posts\/87167\/revisions"}],"predecessor-version":[{"id":87168,"href":"https:\/\/zonaroja.com.mx\/index.php?rest_route=\/wp\/v2\/posts\/87167\/revisions\/87168"}],"wp:featuredmedia":[{"embeddable":true,"href":"https:\/\/zonaroja.com.mx\/index.php?rest_route=\/wp\/v2\/media\/87166"}],"wp:attachment":[{"href":"https:\/\/zonaroja.com.mx\/index.php?rest_route=%2Fwp%2Fv2%2Fmedia&parent=87167"}],"wp:term":[{"taxonomy":"category","embeddable":true,"href":"https:\/\/zonaroja.com.mx\/index.php?rest_route=%2Fwp%2Fv2%2Fcategories&post=87167"},{"taxonomy":"post_tag","embeddable":true,"href":"https:\/\/zonaroja.com.mx\/index.php?rest_route=%2Fwp%2Fv2%2Ftags&post=87167"}],"curies":[{"name":"wp","href":"https:\/\/api.w.org\/{rel}","templated":true}]}}