{"id":8717,"date":"2020-02-13T08:40:34","date_gmt":"2020-02-13T14:40:34","guid":{"rendered":"http:\/\/www.zonaroja.com.mx\/?p=8717"},"modified":"2020-02-13T23:16:55","modified_gmt":"2020-02-14T05:16:55","slug":"suicidios-aumentaron-en-27-5-en-ultimos-tres-anos-en-oaxaca","status":"publish","type":"post","link":"https:\/\/zonaroja.com.mx\/?p=8717","title":{"rendered":"Suicidios aumentaron en 27.5 % en \u00faltimos tres a\u00f1os en Oaxaca"},"content":{"rendered":"\n<p>Yuridiana\nSosa\/Zona Roja.<\/p>\n\n\n\n<p>Oaxaca de\nJu\u00e1rez, Oax., 13 de febrero de 2020.- Hace poco m\u00e1s de una semana en San\nJer\u00f3nimo Tlacochahuaya, un joven se quit\u00f3 la vida, sin causa aparente, y cinco\nd\u00edas despu\u00e9s, lo hizo su novia, de 16 a\u00f1os de edad, en la misma poblaci\u00f3n\noaxaque\u00f1a.<\/p>\n\n\n\n<p>Anoche, la\nfatal determinaci\u00f3n la tom\u00f3 Yeraldo Raciel J., de 17 a\u00f1os, quien se colg\u00f3 con\nsu cintur\u00f3n en su casa, en el fraccionamiento Yagul de Tlacolula de Matamoros.<\/p>\n\n\n\n<p>El suicidio\nse posiciona como la causa de muerte n\u00famero 22 a nivel nacional, con \u00edndices\nsimilares en Oaxaca; sin embargo, la dependencia Servicios de Salud de Oaxaca\n(SSO) advirti\u00f3 que la incidencia presenta un aumento constante anual entre los\n10 y 15 por ciento en los \u00faltimos tres a\u00f1os.<\/p>\n\n\n\n<p>En la\nentidad oaxaque\u00f1a el n\u00famero de muertes por suicidio pas\u00f3 de 116 en el a\u00f1o 2016,\n129 actos en el 2017 y 148 durante el 2018, dio a conocer el m\u00e9dico adscrito al\nprograma de Salud Mental de la direcci\u00f3n de Prevenci\u00f3n y Promoci\u00f3n de la Salud\nde los SSO, Rafael Arnaud R\u00edos.<\/p>\n\n\n\n<p>La\nSecretar\u00eda de Salud en Oaxaca indic\u00f3 que a la fecha no cuentan con cifras del\na\u00f1o 2019, ni los registrados en el 2020; en contrate, autoridades policiales de\nla entidad dieron a conocer que durante los primeros d\u00edas de febrero se han\nregistrado por lo menos cinco suicidios en la entidad.<\/p>\n\n\n\n<p>De acuerdo\ncon los SSO, el grupo de edad con mayor incidencia recae entre los j\u00f3venes de\n15 a 29 a\u00f1os de edad, quienes son m\u00e1s vulnerables a sobrellevar o superar,\nprincipalmente, problemas de \u00edndole familiares, relaciones amorosas, reprobar\nen la escuela, acosados u hostigados en sus centros educativos, entre otros.<\/p>\n\n\n\n<p>Las\nestad\u00edsticas muestras que el g\u00e9nero femenino es el grupo poblacional que\nintenta en m\u00e1s ocasiones el suicidio, sin lograrlo, mientras que son los\nhombres quienes concretan su intenci\u00f3n al ocupar medidas m\u00e1s letales para\narrebatarse la vida.<\/p>\n\n\n\n<p>OTROS GRUPOS\nVULNERABLES<\/p>\n\n\n\n<p>El doctor\nRafael Arnaud R\u00edos, del programa de Salud Mental de la direcci\u00f3n de Prevenci\u00f3n\ny Promoci\u00f3n de la Salud, agreg\u00f3 que el segundo grupo poblacional que m\u00e1s\nregistra suicidios son los adultos mayores, a quienes les afecta la depresi\u00f3n\npor soledad.<\/p>\n\n\n\n<p>As\u00ed tambi\u00e9n\nse registra la vulnerabilidad por razones de discriminaci\u00f3n en personas de\npertenecen a un grupo \u00e9tnico o a la comunidad LGBTIQ.<\/p>\n\n\n\n<p>FACTORES\nPROTECTORES&nbsp; <\/p>\n\n\n\n<p>Una persona\nque anuncia que se va a quitar la vida, lo cumple, indic\u00f3 el especialista en el\ntema. Por lo que invit\u00f3 a la poblaci\u00f3n a considerar las distintas formas de\nayudar a las personas.<\/p>\n\n\n\n<p>Indic\u00f3 que\nse debe prestar especial atenci\u00f3n para que mantenga una mayor interacci\u00f3n\nsocial para evitar el aislamiento, realizar alguna actividad art\u00edstica o\ndeportiva, as\u00ed como no pasar por alto la advertencia de quitarse la vida.<\/p>\n","protected":false},"excerpt":{"rendered":"<p>Yuridiana Sosa\/Zona Roja. Oaxaca de Ju\u00e1rez, Oax., 13 de febrero de 2020.- Hace poco m\u00e1s&hellip;<\/p>\n","protected":false},"author":2,"featured_media":8723,"comment_status":"closed","ping_status":"open","sticky":false,"template":"","format":"standard","meta":{"_lmt_disableupdate":"","_lmt_disable":"","_jetpack_memberships_contains_paid_content":false,"footnotes":""},"categories":[109,47],"tags":[1005,1368],"class_list":["post-8717","post","type-post","status-publish","format-standard","has-post-thumbnail","hentry","category-minuto-a-minuto","category-zona-gris","tag-servicios-de-salud-de-oaxaca-sso","tag-suicidios-oaxaca"],"jetpack_featured_media_url":"https:\/\/zonaroja.com.mx\/wp-content\/uploads\/2020\/02\/img_8497.jpg","jetpack_sharing_enabled":true,"_links":{"self":[{"href":"https:\/\/zonaroja.com.mx\/index.php?rest_route=\/wp\/v2\/posts\/8717","targetHints":{"allow":["GET"]}}],"collection":[{"href":"https:\/\/zonaroja.com.mx\/index.php?rest_route=\/wp\/v2\/posts"}],"about":[{"href":"https:\/\/zonaroja.com.mx\/index.php?rest_route=\/wp\/v2\/types\/post"}],"author":[{"embeddable":true,"href":"https:\/\/zonaroja.com.mx\/index.php?rest_route=\/wp\/v2\/users\/2"}],"replies":[{"embeddable":true,"href":"https:\/\/zonaroja.com.mx\/index.php?rest_route=%2Fwp%2Fv2%2Fcomments&post=8717"}],"version-history":[{"count":1,"href":"https:\/\/zonaroja.com.mx\/index.php?rest_route=\/wp\/v2\/posts\/8717\/revisions"}],"predecessor-version":[{"id":8718,"href":"https:\/\/zonaroja.com.mx\/index.php?rest_route=\/wp\/v2\/posts\/8717\/revisions\/8718"}],"wp:featuredmedia":[{"embeddable":true,"href":"https:\/\/zonaroja.com.mx\/index.php?rest_route=\/wp\/v2\/media\/8723"}],"wp:attachment":[{"href":"https:\/\/zonaroja.com.mx\/index.php?rest_route=%2Fwp%2Fv2%2Fmedia&parent=8717"}],"wp:term":[{"taxonomy":"category","embeddable":true,"href":"https:\/\/zonaroja.com.mx\/index.php?rest_route=%2Fwp%2Fv2%2Fcategories&post=8717"},{"taxonomy":"post_tag","embeddable":true,"href":"https:\/\/zonaroja.com.mx\/index.php?rest_route=%2Fwp%2Fv2%2Ftags&post=8717"}],"curies":[{"name":"wp","href":"https:\/\/api.w.org\/{rel}","templated":true}]}}