{"id":87172,"date":"2025-11-21T20:51:49","date_gmt":"2025-11-22T02:51:49","guid":{"rendered":"https:\/\/zonaroja.com.mx\/?p=87172"},"modified":"2025-11-21T20:51:51","modified_gmt":"2025-11-22T02:51:51","slug":"y-le-echaron-los-policias-a-pobladores-que-exigian-recursos-presupuestales","status":"publish","type":"post","link":"https:\/\/zonaroja.com.mx\/?p=87172","title":{"rendered":"Y le echaron los polic\u00edas a pobladores que exig\u00edan recursos presupuestales"},"content":{"rendered":"\n<p>Lisbeth Mej\u00eda Reyes\/Zona Roja.<\/p>\n\n\n\n<p>Oaxaca, Oax., a 21 de noviembre de 2025.- Elementos de la Polic\u00eda Estatal de Oaxaca retiraron este jueves el bloqueo que desde el martes manten\u00edan habitantes de la agencia Guadalupe Nata para exigir obras y recursos p\u00fablicos al ayuntamiento de San Miguel Tequixtepec.<\/p>\n\n\n\n<p>Los manifestantes se encontraban a la altura de Suchixtlahuaca, en la caseta de peaje de la carretera federal 135 D, que comunica a Oaxaca con Puebla.<\/p>\n\n\n\n<p>De acuerdo con el medio Mixteca Informa, los habitantes denunciaron que el edil de Tequixtepec se ha negado a entregar los recursos que les corresponden desde el 2023 y que son m\u00e1s de 750 mil pesos del Ramo 28 y 33.<\/p>\n\n\n\n<p>Asimismo, denunciaron que el ayuntamiento ha incumplido con la obra p\u00fablica, a pesar de los acuerdos firmados, entre estos la minuta firmada el 23 de diciembre de 2024 con el Gobierno del Estado.<\/p>\n\n\n\n<p>La resoluci\u00f3n inmediata del expediente CM\/0005\/2024 ante el Tribunal de Justicia Administrativa, adem\u00e1s de la pavimentaci\u00f3n del camino principal que conecta la cabecera municipal con Guadalupe Nata, entre otras, fueron las demandas expuestas en este bloqueo que se mantuvo desde el martes y hasta el jueves, cuando fueron desalojados por la polic\u00eda estatal.<\/p>\n\n\n\n<p>Tras el desalojo, a\u00fan se desconoce si los manifestantes ser\u00e1n atendidos por el gobierno estatal para mediar en la situaci\u00f3n.<\/p>\n\n\n\n<figure class=\"wp-block-embed is-type-rich is-provider-twitter wp-block-embed-twitter\"><div class=\"wp-block-embed__wrapper\">\n<div class=\"twitter-tweet\"><blockquote class=\"twitter-tweet\" data-lang=\"es\"><p lang=\"es\" dir=\"ltr\">Y les echaron a la polic\u00eda: habitantes de Guadalupe Nata fueron retirados anoche con la fuerza policiaca en la caseta de peaje de Suchixtlahuaca, en la supercarretera Oaxaca-Cuacnopalan; desde hace tres d\u00edas ped\u00edan a su cabecera municipal San Miguel Tequixtepec la asignaci\u00f3n de\u2026 <a href=\"https:\/\/t.co\/kYYt9Os5c6\">pic.twitter.com\/kYYt9Os5c6<\/a><\/p>&mdash; Zona Roja Oaxaca (@ZonaRoja_Oaxaca) <a href=\"https:\/\/twitter.com\/ZonaRoja_Oaxaca\/status\/1991875206751670329?ref_src=twsrc%5Etfw\">21 de noviembre de 2025<\/a><\/blockquote><\/div>\n<\/div><\/figure>\n","protected":false},"excerpt":{"rendered":"<p>Lisbeth Mej\u00eda Reyes\/Zona Roja. Oaxaca, Oax., a 21 de noviembre de 2025.- Elementos de la&hellip;<\/p>\n","protected":false},"author":2,"featured_media":87173,"comment_status":"closed","ping_status":"open","sticky":false,"template":"","format":"standard","meta":{"_lmt_disableupdate":"","_lmt_disable":"","_jetpack_memberships_contains_paid_content":false,"footnotes":""},"categories":[109,47],"tags":[4548],"class_list":["post-87172","post","type-post","status-publish","format-standard","has-post-thumbnail","hentry","category-minuto-a-minuto","category-zona-gris","tag-san-miguel-tequixtepec"],"jetpack_featured_media_url":"https:\/\/zonaroja.com.mx\/wp-content\/uploads\/2025\/11\/Desalojo-pobladores-Guadalupe-Nata-Tequixtepec.jpeg","jetpack_sharing_enabled":true,"_links":{"self":[{"href":"https:\/\/zonaroja.com.mx\/index.php?rest_route=\/wp\/v2\/posts\/87172","targetHints":{"allow":["GET"]}}],"collection":[{"href":"https:\/\/zonaroja.com.mx\/index.php?rest_route=\/wp\/v2\/posts"}],"about":[{"href":"https:\/\/zonaroja.com.mx\/index.php?rest_route=\/wp\/v2\/types\/post"}],"author":[{"embeddable":true,"href":"https:\/\/zonaroja.com.mx\/index.php?rest_route=\/wp\/v2\/users\/2"}],"replies":[{"embeddable":true,"href":"https:\/\/zonaroja.com.mx\/index.php?rest_route=%2Fwp%2Fv2%2Fcomments&post=87172"}],"version-history":[{"count":1,"href":"https:\/\/zonaroja.com.mx\/index.php?rest_route=\/wp\/v2\/posts\/87172\/revisions"}],"predecessor-version":[{"id":87174,"href":"https:\/\/zonaroja.com.mx\/index.php?rest_route=\/wp\/v2\/posts\/87172\/revisions\/87174"}],"wp:featuredmedia":[{"embeddable":true,"href":"https:\/\/zonaroja.com.mx\/index.php?rest_route=\/wp\/v2\/media\/87173"}],"wp:attachment":[{"href":"https:\/\/zonaroja.com.mx\/index.php?rest_route=%2Fwp%2Fv2%2Fmedia&parent=87172"}],"wp:term":[{"taxonomy":"category","embeddable":true,"href":"https:\/\/zonaroja.com.mx\/index.php?rest_route=%2Fwp%2Fv2%2Fcategories&post=87172"},{"taxonomy":"post_tag","embeddable":true,"href":"https:\/\/zonaroja.com.mx\/index.php?rest_route=%2Fwp%2Fv2%2Ftags&post=87172"}],"curies":[{"name":"wp","href":"https:\/\/api.w.org\/{rel}","templated":true}]}}