{"id":87176,"date":"2025-11-22T07:43:00","date_gmt":"2025-11-22T13:43:00","guid":{"rendered":"https:\/\/zonaroja.com.mx\/?p=87176"},"modified":"2025-11-22T06:47:00","modified_gmt":"2025-11-22T12:47:00","slug":"estrenan-nueva-ruta-de-tren-interoceanico-que-una-a-oaxaca-con-chiapas","status":"publish","type":"post","link":"https:\/\/zonaroja.com.mx\/?p=87176","title":{"rendered":"Estrenan nueva ruta de Tren Interoce\u00e1nico, que una a Oaxaca con Chiapas"},"content":{"rendered":"\n<p>Redacci\u00f3n\/Zona Roja.<\/p>\n\n\n\n<p>Oaxaca, Oax., a 22 de noviembre de 2025.- La Presidenta de M\u00e9xico, Claudia Sheinbaum Pardo, y el gobernador Salom\u00f3n Jara Cruz inauguraron, en Oaxaca, las estaciones de Chahuites y Juchit\u00e1n de la L\u00ednea K del Tren Interoce\u00e1nico, que transforma la movilidad de personas y mercanc\u00edas en el sur del pa\u00eds.<\/p>\n\n\n\n<p>Previamente, pusieron en marcha las estaciones de Tonal\u00e1 y Arriaga, ambas ubicadas en Chiapas, junto al mandatario de esa entidad, Eduardo Ram\u00edrez Aguilar; y el titular de la Secretar\u00eda de la Marina, Raymundo Pedro Morales \u00c1ngeles.<\/p>\n\n\n\n<p>Con estas instalaciones se completa el tramo de 175 kil\u00f3metros entre Ciudad Ixtepec, Oaxaca, y Tonal\u00e1, Chiapas; el cual se conecta con las l\u00edneas Z y FA que ya trasladan a personas y mercanc\u00edas a los estados de Veracruz y Tabasco. En conjunto, estas tres l\u00edneas conforman el Corredor Interoce\u00e1nico del Istmo de Tehuantepec (CIIT).<\/p>\n\n\n\n<p>\u201cCon la L\u00ednea K estamos fortaleciendo la conectividad entre puertos e impulsando una movilidad segura en la regi\u00f3n\u201d, expres\u00f3 Jara Cruz.<\/p>\n\n\n\n<p>Asimismo, el mandatario oaxaque\u00f1o asegur\u00f3 que, con la apertura de este primer tramo para pasajeros, se impulsa el crecimiento econ\u00f3mico en la regi\u00f3n, ya que este sistema se conecta con el Tren Maya y la red ferroviaria nacional.<\/p>\n\n\n\n<p>En su oportunidad, la Presidenta de M\u00e9xico expres\u00f3 que su gobierno dar\u00e1 continuidad a este proyecto hasta terminarlo. \u201cVamos a seguir trabajando para que el pr\u00f3ximo a\u00f1o podamos inaugurar desde Tonal\u00e1, Chiapas, hasta Ciudad Hidalgo, Guatemala\u201d, adelant\u00f3.<\/p>\n\n\n\n<p>El sistema ferroviario del CIIT cuenta con m\u00e1s de mil 200 kil\u00f3metros de v\u00edas, que conforman las tres l\u00edneas ahora en funcionamiento.<\/p>\n\n\n\n<p>Con la apertura de tramo 1 de la L\u00ednea K, se impulsa las cadenas de suministro del sur-sureste, propicia la conectividad eficiente entre puertos, industrias y centros log\u00edsticos, integra a la regi\u00f3n a cadenas de valor internacionales; y en el \u00e1mbito social, activa la regeneraci\u00f3n urbana a trav\u00e9s de parques lineales y modernizaci\u00f3n de espacios p\u00fablicos.<\/p>\n\n\n\n<figure class=\"wp-block-embed is-type-rich is-provider-twitter wp-block-embed-twitter\"><div class=\"wp-block-embed__wrapper\">\n<div class=\"twitter-tweet\"><blockquote class=\"twitter-tweet\" data-lang=\"es\"><p lang=\"es\" dir=\"ltr\">Y pese a la protesta magisterial, as\u00ed fue esta noche la estaci\u00f3n Juchit\u00e1n de la l\u00ednea K del tren Interoce\u00e1nico Oaxaca-Chiapas, por parte de la presidenta <a href=\"https:\/\/twitter.com\/Claudiashein?ref_src=twsrc%5Etfw\">@Claudiashein<\/a> y el mandatario <a href=\"https:\/\/twitter.com\/salomonj?ref_src=twsrc%5Etfw\">@salomonj<\/a>. <a href=\"https:\/\/t.co\/qAjzlikUM2\">pic.twitter.com\/qAjzlikUM2<\/a><\/p>&mdash; Zona Roja Oaxaca (@ZonaRoja_Oaxaca) <a href=\"https:\/\/twitter.com\/ZonaRoja_Oaxaca\/status\/1992081612587360368?ref_src=twsrc%5Etfw\">22 de noviembre de 2025<\/a><\/blockquote><\/div>\n<\/div><\/figure>\n","protected":false},"excerpt":{"rendered":"<p>Redacci\u00f3n\/Zona Roja. Oaxaca, Oax., a 22 de noviembre de 2025.- La Presidenta de M\u00e9xico, Claudia&hellip;<\/p>\n","protected":false},"author":2,"featured_media":87179,"comment_status":"closed","ping_status":"open","sticky":false,"template":"","format":"standard","meta":{"_lmt_disableupdate":"","_lmt_disable":"","_jetpack_memberships_contains_paid_content":false,"footnotes":""},"categories":[109,46],"tags":[4365,939],"class_list":["post-87176","post","type-post","status-publish","format-standard","has-post-thumbnail","hentry","category-minuto-a-minuto","category-zona-blanca","tag-claudia-sheinbaum-en-oaxaca","tag-salomon-jara-cruz"],"jetpack_featured_media_url":"https:\/\/zonaroja.com.mx\/wp-content\/uploads\/2025\/11\/Salomon-Jara-y-Claudia-Sheinbaum-tren-Istmo.jpeg","jetpack_sharing_enabled":true,"_links":{"self":[{"href":"https:\/\/zonaroja.com.mx\/index.php?rest_route=\/wp\/v2\/posts\/87176","targetHints":{"allow":["GET"]}}],"collection":[{"href":"https:\/\/zonaroja.com.mx\/index.php?rest_route=\/wp\/v2\/posts"}],"about":[{"href":"https:\/\/zonaroja.com.mx\/index.php?rest_route=\/wp\/v2\/types\/post"}],"author":[{"embeddable":true,"href":"https:\/\/zonaroja.com.mx\/index.php?rest_route=\/wp\/v2\/users\/2"}],"replies":[{"embeddable":true,"href":"https:\/\/zonaroja.com.mx\/index.php?rest_route=%2Fwp%2Fv2%2Fcomments&post=87176"}],"version-history":[{"count":1,"href":"https:\/\/zonaroja.com.mx\/index.php?rest_route=\/wp\/v2\/posts\/87176\/revisions"}],"predecessor-version":[{"id":87180,"href":"https:\/\/zonaroja.com.mx\/index.php?rest_route=\/wp\/v2\/posts\/87176\/revisions\/87180"}],"wp:featuredmedia":[{"embeddable":true,"href":"https:\/\/zonaroja.com.mx\/index.php?rest_route=\/wp\/v2\/media\/87179"}],"wp:attachment":[{"href":"https:\/\/zonaroja.com.mx\/index.php?rest_route=%2Fwp%2Fv2%2Fmedia&parent=87176"}],"wp:term":[{"taxonomy":"category","embeddable":true,"href":"https:\/\/zonaroja.com.mx\/index.php?rest_route=%2Fwp%2Fv2%2Fcategories&post=87176"},{"taxonomy":"post_tag","embeddable":true,"href":"https:\/\/zonaroja.com.mx\/index.php?rest_route=%2Fwp%2Fv2%2Ftags&post=87176"}],"curies":[{"name":"wp","href":"https:\/\/api.w.org\/{rel}","templated":true}]}}