{"id":87181,"date":"2025-11-22T08:47:00","date_gmt":"2025-11-22T14:47:00","guid":{"rendered":"https:\/\/zonaroja.com.mx\/?p=87181"},"modified":"2025-11-22T07:01:21","modified_gmt":"2025-11-22T13:01:21","slug":"mata-a-machetazos-a-un-individuo-en-comunidad-indigena-de-oaxaca","status":"publish","type":"post","link":"https:\/\/zonaroja.com.mx\/?p=87181","title":{"rendered":"Mata a machetazos a un individuo en comunidad ind\u00edgena de Oaxaca"},"content":{"rendered":"\n<p>Raymundo Morales\/Zona Roja.<\/p>\n\n\n\n<p>Oaxaca, Oax., a 22 de noviembre de 2025.- Una persona del sexo masculino fue asesinada a machetazos en la comunidad de San Juan Amuzgo, del municipio de San Pedro Amuzgo, en el distrito de Putla, Oaxaca.<\/p>\n\n\n\n<p>De acuerdo con informes policiacos, el crimen se perpetr\u00f3 la noche del pasado jueves 20 de noviembre cuando un sujeto, presuntamente en estado de ebriedad, atac\u00f3 en su domicilio a un individuo a quien identificaron como Joel G. \u00d1., de aproximadamente 54 a\u00f1os de edad.<\/p>\n\n\n\n<p>Presuntamente el autor del crimen es hijastro de la v\u00edctima, quien tras diversos reclamos a su padrastro, le asest\u00f3 varios golpes con un machete.<\/p>\n\n\n\n<p>Debido a su estado de ebriedad, no pudo escapar, por lo cual fue detenido por elementos policiacos locales, quienes a su vez lo pusieron a disposici\u00f3n de la Fiscal\u00eda General del Estado de Oaxaca.<\/p>\n\n\n\n<p>Hasta el momento se desconocen las causas por las cuales se habr\u00eda cometido el crimen y una de las l\u00edneas de investigaci\u00f3n es la herencia de algunos bienes del finado.<\/p>\n","protected":false},"excerpt":{"rendered":"<p>Raymundo Morales\/Zona Roja. Oaxaca, Oax., a 22 de noviembre de 2025.- Una persona del sexo&hellip;<\/p>\n","protected":false},"author":2,"featured_media":87182,"comment_status":"closed","ping_status":"open","sticky":false,"template":"","format":"standard","meta":{"_lmt_disableupdate":"","_lmt_disable":"","_jetpack_memberships_contains_paid_content":false,"footnotes":""},"categories":[109,51],"tags":[1739],"class_list":["post-87181","post","type-post","status-publish","format-standard","has-post-thumbnail","hentry","category-minuto-a-minuto","category-zona-roja","tag-san-pedro-amuzgo"],"jetpack_featured_media_url":"https:\/\/zonaroja.com.mx\/wp-content\/uploads\/2025\/11\/Machetazo-machete.jpg","jetpack_sharing_enabled":true,"_links":{"self":[{"href":"https:\/\/zonaroja.com.mx\/index.php?rest_route=\/wp\/v2\/posts\/87181","targetHints":{"allow":["GET"]}}],"collection":[{"href":"https:\/\/zonaroja.com.mx\/index.php?rest_route=\/wp\/v2\/posts"}],"about":[{"href":"https:\/\/zonaroja.com.mx\/index.php?rest_route=\/wp\/v2\/types\/post"}],"author":[{"embeddable":true,"href":"https:\/\/zonaroja.com.mx\/index.php?rest_route=\/wp\/v2\/users\/2"}],"replies":[{"embeddable":true,"href":"https:\/\/zonaroja.com.mx\/index.php?rest_route=%2Fwp%2Fv2%2Fcomments&post=87181"}],"version-history":[{"count":1,"href":"https:\/\/zonaroja.com.mx\/index.php?rest_route=\/wp\/v2\/posts\/87181\/revisions"}],"predecessor-version":[{"id":87183,"href":"https:\/\/zonaroja.com.mx\/index.php?rest_route=\/wp\/v2\/posts\/87181\/revisions\/87183"}],"wp:featuredmedia":[{"embeddable":true,"href":"https:\/\/zonaroja.com.mx\/index.php?rest_route=\/wp\/v2\/media\/87182"}],"wp:attachment":[{"href":"https:\/\/zonaroja.com.mx\/index.php?rest_route=%2Fwp%2Fv2%2Fmedia&parent=87181"}],"wp:term":[{"taxonomy":"category","embeddable":true,"href":"https:\/\/zonaroja.com.mx\/index.php?rest_route=%2Fwp%2Fv2%2Fcategories&post=87181"},{"taxonomy":"post_tag","embeddable":true,"href":"https:\/\/zonaroja.com.mx\/index.php?rest_route=%2Fwp%2Fv2%2Ftags&post=87181"}],"curies":[{"name":"wp","href":"https:\/\/api.w.org\/{rel}","templated":true}]}}