{"id":87184,"date":"2025-11-22T09:45:00","date_gmt":"2025-11-22T15:45:00","guid":{"rendered":"https:\/\/zonaroja.com.mx\/?p=87184"},"modified":"2025-11-22T07:07:16","modified_gmt":"2025-11-22T13:07:16","slug":"detienen-a-ex-dirigente-del-pri-acusado-de-enriquecimiento-ilicito","status":"publish","type":"post","link":"https:\/\/zonaroja.com.mx\/?p=87184","title":{"rendered":"Detienen a ex dirigente del PRI acusado de enriquecimiento il\u00edcito"},"content":{"rendered":"\n<p>Redacci\u00f3n\/Zona Roja Cdmx.<\/p>\n\n\n\n<p>(Informaci\u00f3n de Uno Tv)<\/p>\n\n\n\n<p>Ciudad de M\u00e9xico, a 22 de noviembre de 2025.- Isidro Pastor Medrano, exdirigente del PRI en el Estado de M\u00e9xico, fue detenido este 21 de noviembre de 2025 en Toluca, seg\u00fan el Registro Nacional de Detenciones. La FGR lo acusa de Operaciones con Recursos de Procedencia Il\u00edcita, y ya fue trasladado al penal de Santiaguito, en Almoloya de Ju\u00e1rez.<\/p>\n\n\n\n<p>La ficha oficial detalla que la detenci\u00f3n ocurri\u00f3 a las 12:50 p. m. en la colonia Nueva Santa Mar\u00eda, donde elementos federales lo ubicaron cerca de un Sam\u2019s Club. El documento tambi\u00e9n describe la ropa que vest\u00eda el exdirigente priista al momento del aseguramiento.<\/p>\n\n\n\n<p>Seg\u00fan el registro, Isidro Pastor Medrano vest\u00eda pants grises, chamarra azul y tenis negros cuando fue asegurado por personal de la SSPC. Tras la detenci\u00f3n, fue puesto a disposici\u00f3n del Centro Penitenciario de Reinserci\u00f3n Social Santiaguito.<\/p>\n\n\n\n<p>Las autoridades confirmaron que el exdirigente priista ya se encuentra en el penal de Almoloya de Ju\u00e1rez. El documento se\u00f1ala que el traslado se realiz\u00f3 de manera inmediata tras su detenci\u00f3n.<\/p>\n\n\n\n<p>La Fiscal\u00eda General de la Rep\u00fablica (FGR) lo acusa del delito de Operaciones con Recursos de Procedencia Il\u00edcita. No se han difundido m\u00e1s detalles sobre la investigaci\u00f3n en curso.<\/p>\n\n\n\n<p>Con su ingreso al penal, avanzar\u00e1n las diligencias y audiencias que definir\u00e1n su situaci\u00f3n jur\u00eddica.<\/p>\n","protected":false},"excerpt":{"rendered":"<p>Redacci\u00f3n\/Zona Roja Cdmx. (Informaci\u00f3n de Uno Tv) Ciudad de M\u00e9xico, a 22 de noviembre de&hellip;<\/p>\n","protected":false},"author":2,"featured_media":87177,"comment_status":"closed","ping_status":"open","sticky":false,"template":"","format":"standard","meta":{"_lmt_disableupdate":"","_lmt_disable":"","_jetpack_memberships_contains_paid_content":false,"footnotes":""},"categories":[109,47],"tags":[4549],"class_list":["post-87184","post","type-post","status-publish","format-standard","has-post-thumbnail","hentry","category-minuto-a-minuto","category-zona-gris","tag-isidro-pastor-medrano"],"jetpack_featured_media_url":"https:\/\/zonaroja.com.mx\/wp-content\/uploads\/2025\/11\/Isidro-Pastor-PRI-Edomex.jpg","jetpack_sharing_enabled":true,"_links":{"self":[{"href":"https:\/\/zonaroja.com.mx\/index.php?rest_route=\/wp\/v2\/posts\/87184","targetHints":{"allow":["GET"]}}],"collection":[{"href":"https:\/\/zonaroja.com.mx\/index.php?rest_route=\/wp\/v2\/posts"}],"about":[{"href":"https:\/\/zonaroja.com.mx\/index.php?rest_route=\/wp\/v2\/types\/post"}],"author":[{"embeddable":true,"href":"https:\/\/zonaroja.com.mx\/index.php?rest_route=\/wp\/v2\/users\/2"}],"replies":[{"embeddable":true,"href":"https:\/\/zonaroja.com.mx\/index.php?rest_route=%2Fwp%2Fv2%2Fcomments&post=87184"}],"version-history":[{"count":1,"href":"https:\/\/zonaroja.com.mx\/index.php?rest_route=\/wp\/v2\/posts\/87184\/revisions"}],"predecessor-version":[{"id":87185,"href":"https:\/\/zonaroja.com.mx\/index.php?rest_route=\/wp\/v2\/posts\/87184\/revisions\/87185"}],"wp:featuredmedia":[{"embeddable":true,"href":"https:\/\/zonaroja.com.mx\/index.php?rest_route=\/wp\/v2\/media\/87177"}],"wp:attachment":[{"href":"https:\/\/zonaroja.com.mx\/index.php?rest_route=%2Fwp%2Fv2%2Fmedia&parent=87184"}],"wp:term":[{"taxonomy":"category","embeddable":true,"href":"https:\/\/zonaroja.com.mx\/index.php?rest_route=%2Fwp%2Fv2%2Fcategories&post=87184"},{"taxonomy":"post_tag","embeddable":true,"href":"https:\/\/zonaroja.com.mx\/index.php?rest_route=%2Fwp%2Fv2%2Ftags&post=87184"}],"curies":[{"name":"wp","href":"https:\/\/api.w.org\/{rel}","templated":true}]}}