{"id":87186,"date":"2025-11-22T11:00:00","date_gmt":"2025-11-22T17:00:00","guid":{"rendered":"https:\/\/zonaroja.com.mx\/?p=87186"},"modified":"2025-11-22T07:11:07","modified_gmt":"2025-11-22T13:11:07","slug":"invita-oaxaca-de-juarez-a-regularizar-tramites-ambientales","status":"publish","type":"post","link":"https:\/\/zonaroja.com.mx\/?p=87186","title":{"rendered":"Invita Oaxaca de Ju\u00e1rez a regularizar tr\u00e1mites ambientales\u00a0"},"content":{"rendered":"\n<p>Redacci\u00f3n\/Zona Roja.<\/p>\n\n\n\n<p>Oaxaca, Oax., a 22 de noviembre de 2025.- El ayuntamiento de Oaxaca de Ju\u00e1rez informa a la ciudadan\u00eda que cuenta con un punto de atenci\u00f3n especializado para la regularizaci\u00f3n de tr\u00e1mites ambientales, con el objetivo de garantizar que las actividades comerciales y urbanas se desarrollen en cumplimiento de la normatividad vigente y en armon\u00eda con el entorno.<\/p>\n\n\n\n<p>En este espacio, ubicado en la Tercera Privada de Puerto Escondido 102-B, colonia Eliseo Jim\u00e9nez Ruiz, se brinda orientaci\u00f3n y acompa\u00f1amiento para gestionar licencias de anuncios y letreros, dict\u00e1menes ambientales, opiniones t\u00e9cnicas, estudios de ruido permitido y el registro de anuncios publicitarios, adem\u00e1s de canalizar otros procedimientos relacionados.<\/p>\n\n\n\n<p>El gobierno municipal, encabezado por el presidente Ray Chagoya, reafirma que la regularizaci\u00f3n ambiental forma parte de una pol\u00edtica integral para mantener una ciudad limpia, ordenada y con futuro, donde la colaboraci\u00f3n ciudadana es clave para preservar el entorno y mejorar la calidad de vida en la capital.<\/p>\n\n\n\n<p>La administraci\u00f3n municipal destaca que cumplir con las disposiciones ambientales implica cuidar la imagen urbana, promover la seguridad y fortalecer una convivencia responsable, por lo que invita a vecinas, vecinos y establecimientos a acercarse a este servicio y mantener sus tr\u00e1mites en regla.<\/p>\n\n\n\n<p>Con esta labor, el Municipio de Oaxaca de Ju\u00e1rez contin\u00faa impulsando una cultura de responsabilidad ambiental y un modelo de gesti\u00f3n que prioriza el orden, la legalidad y la protecci\u00f3n del patrimonio natural.<\/p>\n","protected":false},"excerpt":{"rendered":"<p>Redacci\u00f3n\/Zona Roja. Oaxaca, Oax., a 22 de noviembre de 2025.- El ayuntamiento de Oaxaca de&hellip;<\/p>\n","protected":false},"author":2,"featured_media":74656,"comment_status":"closed","ping_status":"open","sticky":false,"template":"","format":"standard","meta":{"_lmt_disableupdate":"","_lmt_disable":"","_jetpack_memberships_contains_paid_content":false,"footnotes":""},"categories":[109,46],"tags":[148],"class_list":["post-87186","post","type-post","status-publish","format-standard","has-post-thumbnail","hentry","category-minuto-a-minuto","category-zona-blanca","tag-oaxaca-de-juarez"],"jetpack_featured_media_url":"https:\/\/zonaroja.com.mx\/wp-content\/uploads\/2024\/11\/Fertilizacion-arbolado-urbano-ciudad-de-Oaxaca.jpeg","jetpack_sharing_enabled":true,"_links":{"self":[{"href":"https:\/\/zonaroja.com.mx\/index.php?rest_route=\/wp\/v2\/posts\/87186","targetHints":{"allow":["GET"]}}],"collection":[{"href":"https:\/\/zonaroja.com.mx\/index.php?rest_route=\/wp\/v2\/posts"}],"about":[{"href":"https:\/\/zonaroja.com.mx\/index.php?rest_route=\/wp\/v2\/types\/post"}],"author":[{"embeddable":true,"href":"https:\/\/zonaroja.com.mx\/index.php?rest_route=\/wp\/v2\/users\/2"}],"replies":[{"embeddable":true,"href":"https:\/\/zonaroja.com.mx\/index.php?rest_route=%2Fwp%2Fv2%2Fcomments&post=87186"}],"version-history":[{"count":1,"href":"https:\/\/zonaroja.com.mx\/index.php?rest_route=\/wp\/v2\/posts\/87186\/revisions"}],"predecessor-version":[{"id":87187,"href":"https:\/\/zonaroja.com.mx\/index.php?rest_route=\/wp\/v2\/posts\/87186\/revisions\/87187"}],"wp:featuredmedia":[{"embeddable":true,"href":"https:\/\/zonaroja.com.mx\/index.php?rest_route=\/wp\/v2\/media\/74656"}],"wp:attachment":[{"href":"https:\/\/zonaroja.com.mx\/index.php?rest_route=%2Fwp%2Fv2%2Fmedia&parent=87186"}],"wp:term":[{"taxonomy":"category","embeddable":true,"href":"https:\/\/zonaroja.com.mx\/index.php?rest_route=%2Fwp%2Fv2%2Fcategories&post=87186"},{"taxonomy":"post_tag","embeddable":true,"href":"https:\/\/zonaroja.com.mx\/index.php?rest_route=%2Fwp%2Fv2%2Ftags&post=87186"}],"curies":[{"name":"wp","href":"https:\/\/api.w.org\/{rel}","templated":true}]}}