{"id":87188,"date":"2025-11-22T12:00:00","date_gmt":"2025-11-22T18:00:00","guid":{"rendered":"https:\/\/zonaroja.com.mx\/?p=87188"},"modified":"2025-11-22T07:49:59","modified_gmt":"2025-11-22T13:49:59","slug":"secuestraron-a-una-persona-en-el-istmo-y-se-robaron-una-pipa-ya-los-detuvieron","status":"publish","type":"post","link":"https:\/\/zonaroja.com.mx\/?p=87188","title":{"rendered":"Secuestraron a una persona en el Istmo y se robaron una pipa; ya los detuvieron"},"content":{"rendered":"\n<p>Redacci\u00f3n\/Zona Roja.&nbsp;<\/p>\n\n\n\n<p>Oaxaca, Oax., a 22 de noviembre de 2025.- La Fiscal\u00eda General del Estado de Oaxaca (FGEO), obtuvo la vinculaci\u00f3n a proceso contra D. C. V., C. H. C. A. y A. G. A. J., por el delito de secuestro expr\u00e9s, hechos ocurridos en el Istmo de Tehuantepec.<\/p>\n\n\n\n<p>De acuerdo con la carpeta de investigaci\u00f3n, los hechos ocurrieron el 30 de octubre de 2025 en el municipio de Mat\u00edas Romero, cuando las corporaciones de seguridad desplegaban acciones operativas coordinadas como recorridos disuasivos y filtros de seguridad sobre la carretera federal 185, en el entronque entre Mogo\u00f1\u00e9 y Mat\u00edas Romero.<\/p>\n\n\n\n<p>Durante el despliegue operativo en el que participaban personal de la Vicefiscal\u00eda Regional del Istmo, Agencia Estatal de Investigaciones (AEI), en conjunto con la Secretar\u00eda de la Defensa Nacional y la Polic\u00eda Municipal, un transportista solicit\u00f3 apoyo pues momentos antes hab\u00eda sido despojado de un cami\u00f3n tipo tractocami\u00f3n acoplado a autotanque, los responsables eran personas armadas que viajaban a bordo de un veh\u00edculo color guinda.<\/p>\n\n\n\n<p>Ante el se\u00f1alamiento, las fuerzas de seguridad activaron de inmediato los protocolos de b\u00fasqueda e intervenci\u00f3n, dando alcance a los probables responsables.<\/p>\n\n\n\n<p>Tras una inspecci\u00f3n y trabajos de inteligencia criminal se logr\u00f3 la localizaci\u00f3n del veh\u00edculo reportado, el aseguramiento del tractocami\u00f3n, as\u00ed como la detenci\u00f3n de tres personas identificadas como D. C. V., C. H. C. A. y A. G. A. J., quienes quedaron a disposici\u00f3n del Ministerio P\u00fablico.<\/p>\n\n\n\n<p>INDAGAN DENUNCIAS<\/p>\n\n\n\n<p>Por otra parte, la Fiscal\u00eda General dio a conocer que inici\u00f3 de oficio una carpeta de investigaci\u00f3n por el delito de violaci\u00f3n a la intimidad sexual de menores de edad, luego de la denuncia publicada en redes sociales sobre la difusi\u00f3n de im\u00e1genes de contenido sexual en una plataforma digital de mensajer\u00eda.<\/p>\n\n\n\n<p>Como acci\u00f3n inmediata, dentro de las labores ministeriales que realiza la FGEO a trav\u00e9s de la Fiscal\u00eda Especializada en Justicia para Ni\u00f1as, Ni\u00f1os y Adolescentes, agentes de investigaci\u00f3n acudieron a las escuelas mencionadas en la publicaciones referidas, para robustecer los trabajos de procuraci\u00f3n de justicia en torno al caso.<\/p>\n\n\n\n<p>La Fiscal\u00eda de Oaxaca abri\u00f3 la carpeta de investigaci\u00f3n 30453\/UNNA\/2025, el 18 de noviembre de 2025, tras identificar denuncias p\u00fablicas en redes sociales que alertaban sobre la existencia de un grupo en una plataforma de mensajer\u00eda digital donde se compart\u00edan im\u00e1genes de adolescentes con contenido sexual.<\/p>\n\n\n\n<p>Como parte de las acciones inmediatas, la FGEO trabaja con especialistas en entornos digitales para identificar el origen del material, esclarecer los hechos y llevar ante la justicia a quienes resulten responsables de estas conductas delictivas.<\/p>\n","protected":false},"excerpt":{"rendered":"<p>Redacci\u00f3n\/Zona Roja.&nbsp; Oaxaca, Oax., a 22 de noviembre de 2025.- La Fiscal\u00eda General del Estado&hellip;<\/p>\n","protected":false},"author":2,"featured_media":87189,"comment_status":"closed","ping_status":"open","sticky":false,"template":"","format":"standard","meta":{"_lmt_disableupdate":"","_lmt_disable":"","_jetpack_memberships_contains_paid_content":false,"footnotes":""},"categories":[109,46],"tags":[494],"class_list":["post-87188","post","type-post","status-publish","format-standard","has-post-thumbnail","hentry","category-minuto-a-minuto","category-zona-blanca","tag-fiscalia-general-del-estado-de-oaxaca"],"jetpack_featured_media_url":"https:\/\/zonaroja.com.mx\/wp-content\/uploads\/2025\/11\/Tres-detenidos-secuestro-y-pipa-Istmo-Matias-Roero.jpeg","jetpack_sharing_enabled":true,"_links":{"self":[{"href":"https:\/\/zonaroja.com.mx\/index.php?rest_route=\/wp\/v2\/posts\/87188","targetHints":{"allow":["GET"]}}],"collection":[{"href":"https:\/\/zonaroja.com.mx\/index.php?rest_route=\/wp\/v2\/posts"}],"about":[{"href":"https:\/\/zonaroja.com.mx\/index.php?rest_route=\/wp\/v2\/types\/post"}],"author":[{"embeddable":true,"href":"https:\/\/zonaroja.com.mx\/index.php?rest_route=\/wp\/v2\/users\/2"}],"replies":[{"embeddable":true,"href":"https:\/\/zonaroja.com.mx\/index.php?rest_route=%2Fwp%2Fv2%2Fcomments&post=87188"}],"version-history":[{"count":1,"href":"https:\/\/zonaroja.com.mx\/index.php?rest_route=\/wp\/v2\/posts\/87188\/revisions"}],"predecessor-version":[{"id":87190,"href":"https:\/\/zonaroja.com.mx\/index.php?rest_route=\/wp\/v2\/posts\/87188\/revisions\/87190"}],"wp:featuredmedia":[{"embeddable":true,"href":"https:\/\/zonaroja.com.mx\/index.php?rest_route=\/wp\/v2\/media\/87189"}],"wp:attachment":[{"href":"https:\/\/zonaroja.com.mx\/index.php?rest_route=%2Fwp%2Fv2%2Fmedia&parent=87188"}],"wp:term":[{"taxonomy":"category","embeddable":true,"href":"https:\/\/zonaroja.com.mx\/index.php?rest_route=%2Fwp%2Fv2%2Fcategories&post=87188"},{"taxonomy":"post_tag","embeddable":true,"href":"https:\/\/zonaroja.com.mx\/index.php?rest_route=%2Fwp%2Fv2%2Ftags&post=87188"}],"curies":[{"name":"wp","href":"https:\/\/api.w.org\/{rel}","templated":true}]}}