{"id":87193,"date":"2025-11-22T13:52:00","date_gmt":"2025-11-22T19:52:00","guid":{"rendered":"https:\/\/zonaroja.com.mx\/?p=87193"},"modified":"2025-11-22T07:56:04","modified_gmt":"2025-11-22T13:56:04","slug":"presidenta-sheinbaum-consolida-ruta-de-la-transformacion-en-oaxaca","status":"publish","type":"post","link":"https:\/\/zonaroja.com.mx\/?p=87193","title":{"rendered":"Presidenta Sheinbaum consolida ruta de la transformaci\u00f3n en Oaxaca"},"content":{"rendered":"\n<p>Redacci\u00f3n\/Zona Roja Cdmx.<\/p>\n\n\n\n<p>Ciudad de M\u00e9xico, a 22 de noviembre de 2025.- El senador Antonino Morales afirm\u00f3 que con la visita de la presidenta Claudia Sheinbaum, Oaxaca consolida su ruta de transformaci\u00f3n y desarrollo regional.<\/p>\n\n\n\n<p>Lo anterior lo declar\u00f3 al destacar la relevancia de los proyectos estrat\u00e9gicos que la mandataria federal encabez\u00f3 en la entidad, con la inauguraci\u00f3n de estaciones de la l\u00ednea K del Tren Interoce\u00e1nico, un proyecto que impulsa el desarrollo econ\u00f3mico y social de la regi\u00f3n.<\/p>\n\n\n\n<p>La puesta en funcionamiento del tramo que incluye las estaciones de Chahuites, Juchit\u00e1n e Ixtepec se perfila como el primer paso operativo de la L\u00ednea K, un corredor ferroviario que, en su etapa final, abarcar\u00e1 459 kil\u00f3metros desde Ixtepec hasta la frontera sur del pa\u00eds.<\/p>\n\n\n\n<p>Este s\u00e1bado, la Presidenta visit\u00f3 la Mixteca para supervisar el Plan General \u201cL\u00e1zaro C\u00e1rdenas\u201d en San Pedro y San Pablo Teposcolula, un proyecto integral que busca mejorar la calidad de vida de las familias de la regi\u00f3n mediante obras de infraestructura y programas sociales.<\/p>\n\n\n\n<p>De acuerdo con la Secretar\u00eda de Infraestructuras, Comunicaciones y Transportes (SICT), en la regi\u00f3n se atienden cinco tramos carreteros, con una inversi\u00f3n de 1,367 millones de pesos y la meta de rehabilitar 425 kil\u00f3metros durante 2025.<\/p>\n","protected":false},"excerpt":{"rendered":"<p>Redacci\u00f3n\/Zona Roja Cdmx. Ciudad de M\u00e9xico, a 22 de noviembre de 2025.- El senador Antonino&hellip;<\/p>\n","protected":false},"author":2,"featured_media":76854,"comment_status":"closed","ping_status":"open","sticky":false,"template":"","format":"standard","meta":{"_lmt_disableupdate":"","_lmt_disable":"","_jetpack_memberships_contains_paid_content":false,"footnotes":""},"categories":[109,46],"tags":[180],"class_list":["post-87193","post","type-post","status-publish","format-standard","has-post-thumbnail","hentry","category-minuto-a-minuto","category-zona-blanca","tag-antonino-morales-toledo"],"jetpack_featured_media_url":"https:\/\/zonaroja.com.mx\/wp-content\/uploads\/2025\/01\/Antonino-Morales-y-Claudia-Sheinbaum.jpg","jetpack_sharing_enabled":true,"_links":{"self":[{"href":"https:\/\/zonaroja.com.mx\/index.php?rest_route=\/wp\/v2\/posts\/87193","targetHints":{"allow":["GET"]}}],"collection":[{"href":"https:\/\/zonaroja.com.mx\/index.php?rest_route=\/wp\/v2\/posts"}],"about":[{"href":"https:\/\/zonaroja.com.mx\/index.php?rest_route=\/wp\/v2\/types\/post"}],"author":[{"embeddable":true,"href":"https:\/\/zonaroja.com.mx\/index.php?rest_route=\/wp\/v2\/users\/2"}],"replies":[{"embeddable":true,"href":"https:\/\/zonaroja.com.mx\/index.php?rest_route=%2Fwp%2Fv2%2Fcomments&post=87193"}],"version-history":[{"count":1,"href":"https:\/\/zonaroja.com.mx\/index.php?rest_route=\/wp\/v2\/posts\/87193\/revisions"}],"predecessor-version":[{"id":87194,"href":"https:\/\/zonaroja.com.mx\/index.php?rest_route=\/wp\/v2\/posts\/87193\/revisions\/87194"}],"wp:featuredmedia":[{"embeddable":true,"href":"https:\/\/zonaroja.com.mx\/index.php?rest_route=\/wp\/v2\/media\/76854"}],"wp:attachment":[{"href":"https:\/\/zonaroja.com.mx\/index.php?rest_route=%2Fwp%2Fv2%2Fmedia&parent=87193"}],"wp:term":[{"taxonomy":"category","embeddable":true,"href":"https:\/\/zonaroja.com.mx\/index.php?rest_route=%2Fwp%2Fv2%2Fcategories&post=87193"},{"taxonomy":"post_tag","embeddable":true,"href":"https:\/\/zonaroja.com.mx\/index.php?rest_route=%2Fwp%2Fv2%2Ftags&post=87193"}],"curies":[{"name":"wp","href":"https:\/\/api.w.org\/{rel}","templated":true}]}}