{"id":87195,"date":"2025-11-22T16:00:00","date_gmt":"2025-11-22T22:00:00","guid":{"rendered":"https:\/\/zonaroja.com.mx\/?p=87195"},"modified":"2025-11-22T08:04:08","modified_gmt":"2025-11-22T14:04:08","slug":"declara-el-congreso-de-oaxaca-el-4-de-diciembre-dia-estatal-de-la-libertad-religiosa","status":"publish","type":"post","link":"https:\/\/zonaroja.com.mx\/?p=87195","title":{"rendered":"Declara el Congreso de Oaxaca el 4 de diciembre D\u00eda Estatal de la Libertad Religiosa"},"content":{"rendered":"\n<p>Oaxaca, Oax., a 22 de noviembre de 2025. &#8211; Con 32 votos a favor la 66 Legislatura del Congreso de Oaxaca declar\u00f3 el 4 de diciembre de cada a\u00f1o como el D\u00eda Estatal de la Libertad Religiosa, con lo cual se busca reconocer la importancia de este derecho y promover una cultura de respeto, armon\u00eda y libertad de conciencia entre las y los habitantes de la entidad.<\/p>\n\n\n\n<p>En el proyecto de decreto impulsado por las diputadas Dennis Garc\u00eda Guti\u00e9rrez, Tania L\u00f3pez L\u00f3pez y Hayde\u00e9 Irma Reyes Soto, as\u00ed como el diputado Juan Marcelino S\u00e1nchez Valdivieso, todos del Grupo Parlamentario de Morena, se precisa, adem\u00e1s, que en el estado persisten diversas expresiones de intolerancia y discriminaci\u00f3n por motivos religiosos, a pesar de que la libertad de culto es un derecho reconocido por la legislaci\u00f3n local, la Constituci\u00f3n Mexicana y diversos tratados internacionales.<\/p>\n\n\n\n<p>Al hacer uso de la tribuna, la congresista Dennis Garc\u00eda Guti\u00e9rrez, sostuvo que uno de los aportes m\u00e1s relevantes en esta materia fue el realizado el 04 de diciembre de 1860 por el entonces presidente de M\u00e9xico, Benito Ju\u00e1rez Garc\u00eda, quien promulg\u00f3 la Ley de la Libertad de Cultos, disposici\u00f3n que form\u00f3 parte del proceso reformista mediante el cual se consolid\u00f3 el estado laico, sent\u00f3 las bases de la libertad de conciencia y permiti\u00f3 por primera vez el ejercicio p\u00fablico de distintas confesiones religiosas.<\/p>\n\n\n\n<p>En este sentido destac\u00f3 que la propuesta suscrita junto con sus compa\u00f1eras y compa\u00f1eros antes mencionados deviene de una garant\u00eda que procura el Estado para dar un trato igual a todas las expresiones de fe en un estricto respeto al derecho fundamental.<\/p>\n\n\n\n<p>Categ\u00f3rica dijo que esta declaratoria adquiere relevancia jur\u00eddica, hist\u00f3rica y social, adem\u00e1s, dicha conmemoraci\u00f3n permitir\u00e1 reconocer el fundamento que dio origen al derecho a la libertad religiosa en M\u00e9xico, promover acciones de educaci\u00f3n c\u00edvica y derechos humanos, tambi\u00e9n visibilizar problem\u00e1ticas actuales, impulsar espacios de di\u00e1logo y conciliaci\u00f3n entre comunidades y autoridades, fortalecer una cultura de respeto, pluralidad y convivencia pac\u00edfica.<\/p>\n\n\n\n<p>Es de destacar, que de acuerdo con informaci\u00f3n de la Secretar\u00eda de Gobierno (Sego) en agosto de 2024 se ten\u00eda el registro de 27 conflictos por causas religiosas relacionadas con amenazas, desplazamientos forzados y actos de violencia, de los cuales 14 continuaban activos y en v\u00edas de conciliaci\u00f3n entre comunidades evang\u00e9licas ubicadas en las regiones de la Costa, Cuenca del Papaloapan y Sierra de Ju\u00e1rez.<\/p>\n\n\n\n<p>Mientras que, en el Primer Foro de Desplazamiento Forzado por Intolerancia Religiosa en Oaxaca, la Defensor\u00eda de los Derechos Humanos del Pueblo de Oaxaca (DDHPO) inform\u00f3 que el estado ocupa el segundo lugar a nivel nacional en casos de intolerancia religiosa, concentrando el mayor n\u00famero de casos en los municipios que se rigen por Sistema Normativo Ind\u00edgena (SNI).<\/p>\n\n\n\n<p>Tan solo entre 2019 y 2024 este organismo inici\u00f3 11 expedientes y tres cuadernos de antecedentes relacionados con esta problem\u00e1tica.<\/p>\n\n\n\n<p>El Proyecto de Decreto fue aprobado de Urgencia Notoria en el contexto de la Sesi\u00f3n Ordinaria celebrada el pasado 18 de noviembre de 2025.<\/p>\n","protected":false},"excerpt":{"rendered":"<p>Oaxaca, Oax., a 22 de noviembre de 2025. &#8211; Con 32 votos a favor la&hellip;<\/p>\n","protected":false},"author":2,"featured_media":82834,"comment_status":"closed","ping_status":"open","sticky":false,"template":"","format":"standard","meta":{"_lmt_disableupdate":"","_lmt_disable":"","_jetpack_memberships_contains_paid_content":false,"footnotes":""},"categories":[109,46],"tags":[303],"class_list":["post-87195","post","type-post","status-publish","format-standard","has-post-thumbnail","hentry","category-minuto-a-minuto","category-zona-blanca","tag-congreso-del-estado-de-oaxaca"],"jetpack_featured_media_url":"https:\/\/zonaroja.com.mx\/wp-content\/uploads\/2025\/07\/Sesion-Congreso-Oaxaca.jpeg","jetpack_sharing_enabled":true,"_links":{"self":[{"href":"https:\/\/zonaroja.com.mx\/index.php?rest_route=\/wp\/v2\/posts\/87195","targetHints":{"allow":["GET"]}}],"collection":[{"href":"https:\/\/zonaroja.com.mx\/index.php?rest_route=\/wp\/v2\/posts"}],"about":[{"href":"https:\/\/zonaroja.com.mx\/index.php?rest_route=\/wp\/v2\/types\/post"}],"author":[{"embeddable":true,"href":"https:\/\/zonaroja.com.mx\/index.php?rest_route=\/wp\/v2\/users\/2"}],"replies":[{"embeddable":true,"href":"https:\/\/zonaroja.com.mx\/index.php?rest_route=%2Fwp%2Fv2%2Fcomments&post=87195"}],"version-history":[{"count":1,"href":"https:\/\/zonaroja.com.mx\/index.php?rest_route=\/wp\/v2\/posts\/87195\/revisions"}],"predecessor-version":[{"id":87196,"href":"https:\/\/zonaroja.com.mx\/index.php?rest_route=\/wp\/v2\/posts\/87195\/revisions\/87196"}],"wp:featuredmedia":[{"embeddable":true,"href":"https:\/\/zonaroja.com.mx\/index.php?rest_route=\/wp\/v2\/media\/82834"}],"wp:attachment":[{"href":"https:\/\/zonaroja.com.mx\/index.php?rest_route=%2Fwp%2Fv2%2Fmedia&parent=87195"}],"wp:term":[{"taxonomy":"category","embeddable":true,"href":"https:\/\/zonaroja.com.mx\/index.php?rest_route=%2Fwp%2Fv2%2Fcategories&post=87195"},{"taxonomy":"post_tag","embeddable":true,"href":"https:\/\/zonaroja.com.mx\/index.php?rest_route=%2Fwp%2Fv2%2Ftags&post=87195"}],"curies":[{"name":"wp","href":"https:\/\/api.w.org\/{rel}","templated":true}]}}