{"id":87197,"date":"2025-11-22T15:04:00","date_gmt":"2025-11-22T21:04:00","guid":{"rendered":"https:\/\/zonaroja.com.mx\/?p=87197"},"modified":"2025-11-22T08:08:03","modified_gmt":"2025-11-22T14:08:03","slug":"oaxaca-y-fonatur-identifican-acciones-para-potenciar-turismo-en-sierra-juarez","status":"publish","type":"post","link":"https:\/\/zonaroja.com.mx\/?p=87197","title":{"rendered":"Oaxaca y Fonatur identifican acciones para potenciar turismo en Sierra Ju\u00e1rez"},"content":{"rendered":"\n<p>Redacci\u00f3n\/Zona Roja.<\/p>\n\n\n\n<p>Oaxaca, Oax., a 22 de noviembre de 2025.- El Gobierno del Estado de Oaxaca y el Fondo Nacional de Fomento al Turismo (Fonatur) identificaron acciones prioritarias para potenciar la oferta tur\u00edstica en los Pueblos Mancomunados de la Sierra de Ju\u00e1rez, para aportar a la estrategia nacional que busca colocar a M\u00e9xico como el quinto pa\u00eds m\u00e1s visitado del mundo.<\/p>\n\n\n\n<p>La titular de la Secretar\u00eda de Turismo (Sectur Oaxaca), Saymi Pineda Velasco y el director general del Fonatur, Sebasti\u00e1n Ram\u00edrez Mendoza, recorrieron este viernes San Isidro Llano Grande, el Centro Ecotur\u00edstico Yaa-gatzi, en San Miguel Amatl\u00e1n y la agencia de Santa Martha Latuvi, Santa Catarina Lachatao.<\/p>\n\n\n\n<p>Un d\u00eda antes, visitaron las comunidades de Benito Ju\u00e1rez y San Antonio Cuajimoloyas, pertenecientes a San Miguel Amatl\u00e1n y Santa Catarina Lachatao, respectivamente.<\/p>\n\n\n\n<p>En los encuentros se reunieron con autoridades municipales, comunales y representantes de servicios ecotur\u00edsticos de las comunidades visitadas.&nbsp;<\/p>\n\n\n\n<p>Ah\u00ed expusieron las necesidades de ambas poblaciones y trazaron una ruta conjunta en temas de capacitaci\u00f3n y profesionalizaci\u00f3n de servicios tur\u00edsticos, desarrollo de infraestructura ecotur\u00edstica, as\u00ed como de promoci\u00f3n.<\/p>\n\n\n\n<p>Pineda Velasco se\u00f1al\u00f3 que, bajo la visi\u00f3n del gobernador Salom\u00f3n Jara Cruz de consolidar la actividad tur\u00edstica como generador de bienestar, Oaxaca se alinea a la estrategia del Gobierno de M\u00e9xico consistente en dar impulso al enfoque comunitario y sostenible.<\/p>\n\n\n\n<p>GUELAGUETZA EN LA CUENCA<\/p>\n\n\n\n<p>Por otra parte, el gobierno de Oaxaca a trav\u00e9s de la Secretar\u00eda de Turismo (Sectur), en coordinaci\u00f3n con las autoridades municipales de San Juan Bautista Tuxtepec, presentaron en conferencia de prensa las actividades de la primera Guelaguetza de la Chinantla y de la Expo Feria Tuxtepec 2025.<\/p>\n\n\n\n<p>Mariel L\u00f3pez Villatoro, subsecretaria de Operaci\u00f3n Tur\u00edstica, en representaci\u00f3n de Saymi Pineda Velasco, titular de la Sectur Oaxaca, inform\u00f3 que por primera vez, la Chinantla se suma a las Guelaguetzas regionales, las cuales reconocen la grandeza de los pueblos que han mantenido vivas sus danzas, m\u00fasica, lenguas y su forma de ver el mundo.&nbsp;<\/p>\n\n\n\n<p>\u201cLa Primavera Oaxaque\u00f1a impulsa este proyecto para hacer de la cultura un instrumento de bienestar, inclusi\u00f3n y reconciliaci\u00f3n social, cada regi\u00f3n tiene algo \u00fanico para ofrecer y pretendemos que la Chinantla llegue a ser un referente de identidad, fuerza comunitaria y diversidad cultural\u201d.&nbsp;<\/p>\n\n\n\n<p>Acompa\u00f1ada de la regidora de Bienestar, Cultura, y Educaci\u00f3n, Margarita Angulo Mart\u00ednez, as\u00ed como de Roberto Carlos Ram\u00f3n Barradas, el director de Fomento al Turismo del municipio de Tuxtepec, L\u00f3pez Villatoro expuso que la Chinantla es hogar de paisajes \u00fanicos, donde convergen comunidades profundamente orgullosas de sus ra\u00edces, con una tradici\u00f3n musical y textil que fortalece la identidad de todo el estado.<\/p>\n\n\n\n<p>Las actividades de la Guelaguetza de la Chinantla comenzar\u00e1n el viernes 5 de diciembre con la inauguraci\u00f3n de los stands de la ruta de la Chinantla en el Recinto Ferial de Tuxtepec, el d\u00eda siguiente, el 6 de diciembre en punto de las 15:30 horas arrancar\u00e1 la Calenda de las Culturas desde parque Paniagua con direcci\u00f3n hacia el parque Benito Ju\u00e1rez.<\/p>\n\n\n\n<p>\u201cEn punto de las cinco de la tarde, viviremos por primera vez una edici\u00f3n hist\u00f3rica que contar\u00e1 con la participaci\u00f3n de la banda de m\u00fasica de la Secretar\u00eda de Seguridad y Protecci\u00f3n Ciudadana para dar paso a las delegaciones participantes\u201d.<\/p>\n\n\n\n<p>Las delegaciones culturales que representar\u00e1n la esencia de la regi\u00f3n ser\u00e1n; la anfitriona San Juan Bautista Tuxtepec, San Lucas Ojitl\u00e1n, San Felipe Xalapa de D\u00edaz, San Juan Bautista Valle Nacional, Loma Bonita, San Pedro Ixcatl\u00e1n, San Miguel Soyaltepec, Montenegro Santiago Jocotepec, San Felipe Usila y dos delegaciones invitadas como son Ejutla de Crespo y San Pedro Pochutla.<\/p>\n\n\n\n<p>Por su parte, el directo de Fomento al Turismo de Tuxtepec, Roberto Carlos Ram\u00f3n Barradas, anunci\u00f3 la cartelera de la Expo Feria 2025 que se llevar\u00e1 a cabo del 28 de noviembre al 6 de enero de 2026 con la presentaci\u00f3n de grandes artistas del \u00e1mbito nacional.<\/p>\n\n\n\n<p>A\u00f1adi\u00f3 que tras 18 a\u00f1os, en el marco de la primera Guelaguetza de la Chinantla, la Expo Feria regresa a este municipio de la Cuenca del Papaloapan en donde la seguridad y la estad\u00eda de las y los visitantes est\u00e1 garantizada. \u201cEstar\u00e1n artistas de talla nacional como Nelson Kanzela, Alfredo el Pulpo, Calibre 50, los \u00c1ngeles Azules, Grupo Pesado, Luis R Conr\u00edquez, La Parranda, entre otros\u201d.<\/p>\n","protected":false},"excerpt":{"rendered":"<p>Redacci\u00f3n\/Zona Roja. Oaxaca, Oax., a 22 de noviembre de 2025.- El Gobierno del Estado de&hellip;<\/p>\n","protected":false},"author":2,"featured_media":87178,"comment_status":"closed","ping_status":"open","sticky":false,"template":"","format":"standard","meta":{"_lmt_disableupdate":"","_lmt_disable":"","_jetpack_memberships_contains_paid_content":false,"footnotes":""},"categories":[109,46],"tags":[2714,1031],"class_list":["post-87197","post","type-post","status-publish","format-standard","has-post-thumbnail","hentry","category-minuto-a-minuto","category-zona-blanca","tag-saymi-pineda-velasco","tag-secretaria-de-turismo-oaxaca"],"jetpack_featured_media_url":"https:\/\/zonaroja.com.mx\/wp-content\/uploads\/2025\/11\/Secretaria-de-Turismo-Saymi-Pineda-Sierra-Juarez.jpeg","jetpack_sharing_enabled":true,"_links":{"self":[{"href":"https:\/\/zonaroja.com.mx\/index.php?rest_route=\/wp\/v2\/posts\/87197","targetHints":{"allow":["GET"]}}],"collection":[{"href":"https:\/\/zonaroja.com.mx\/index.php?rest_route=\/wp\/v2\/posts"}],"about":[{"href":"https:\/\/zonaroja.com.mx\/index.php?rest_route=\/wp\/v2\/types\/post"}],"author":[{"embeddable":true,"href":"https:\/\/zonaroja.com.mx\/index.php?rest_route=\/wp\/v2\/users\/2"}],"replies":[{"embeddable":true,"href":"https:\/\/zonaroja.com.mx\/index.php?rest_route=%2Fwp%2Fv2%2Fcomments&post=87197"}],"version-history":[{"count":1,"href":"https:\/\/zonaroja.com.mx\/index.php?rest_route=\/wp\/v2\/posts\/87197\/revisions"}],"predecessor-version":[{"id":87198,"href":"https:\/\/zonaroja.com.mx\/index.php?rest_route=\/wp\/v2\/posts\/87197\/revisions\/87198"}],"wp:featuredmedia":[{"embeddable":true,"href":"https:\/\/zonaroja.com.mx\/index.php?rest_route=\/wp\/v2\/media\/87178"}],"wp:attachment":[{"href":"https:\/\/zonaroja.com.mx\/index.php?rest_route=%2Fwp%2Fv2%2Fmedia&parent=87197"}],"wp:term":[{"taxonomy":"category","embeddable":true,"href":"https:\/\/zonaroja.com.mx\/index.php?rest_route=%2Fwp%2Fv2%2Fcategories&post=87197"},{"taxonomy":"post_tag","embeddable":true,"href":"https:\/\/zonaroja.com.mx\/index.php?rest_route=%2Fwp%2Fv2%2Ftags&post=87197"}],"curies":[{"name":"wp","href":"https:\/\/api.w.org\/{rel}","templated":true}]}}