{"id":87199,"date":"2025-11-22T17:30:34","date_gmt":"2025-11-22T23:30:34","guid":{"rendered":"https:\/\/zonaroja.com.mx\/?p=87199"},"modified":"2025-11-22T17:30:37","modified_gmt":"2025-11-22T23:30:37","slug":"antonio-el-orgullo-de-una-familia-cuyos-hijos-han-forjado-una-carrera-en-la-milicia","status":"publish","type":"post","link":"https:\/\/zonaroja.com.mx\/?p=87199","title":{"rendered":"Antonio, el orgullo de una familia cuyos hijos han forjado una carrera en la milicia"},"content":{"rendered":"\n<p>Lisbeth Mej\u00eda Reyes\/Zona Roja.<\/p>\n\n\n\n<p>Oaxaca, Oax., a 22 de noviembre de 2025.- Antonio Morales y Benita Mendoza son dos padres que se sienten muy orgullosos porque tres de sus hijos han forjado una carrera militar.&nbsp;<\/p>\n\n\n\n<p>Dos de ellos (Wilbert y C\u00e9sar) ya est\u00e1n retirados. El tercero , Antonio, fue ascendido recientemente en la VIII regi\u00f3n militar de Santa Mar\u00eda Ixcotel, en el estado de Oaxaca.<\/p>\n\n\n\n<p>La familia es originaria de San Miguel Ixtapan, pero don Antonio y do\u00f1a Benita radican en San Juan Teotihuac\u00e1n, Estado de M\u00e9xico. Hace unos d\u00edas, ambos viajaron al estado de Oaxaca para reencontrarse con Antonio, destacamentado en esta regi\u00f3n militar.<\/p>\n\n\n\n<p>\u00abMe siento muy orgullosa, con ganas de llorar, es muy lindo&#8230; Tengo nietos que tambi\u00e9n son militares\u00bb, expres\u00f3 Benita a la agencia Zona Roja.<\/p>\n\n\n\n<p>En el 115 aniversario del inicio de la Revoluci\u00f3n Mexicana y en una ceremonia encabezada por el general Gabriel Garc\u00eda Rinc\u00f3n, la Secretar\u00eda de la Defensa Nacional ascendi\u00f3 a 20 mujeres y hombres militares de la VIII regi\u00f3n militar.<\/p>\n\n\n\n<p>La imposici\u00f3n de ascensos fue para el personal \u00abque con disciplina, dedicaci\u00f3n y entrega ha cumplido con los m\u00e1s altos est\u00e1ndares del servicio\u00bb, se explic\u00f3 durante la ceremonia en la sede del VI Regimiento de Artiller\u00eda, adscrita a la VIII Regi\u00f3n.<\/p>\n\n\n\n<p>\u00abAscender no es solamente un cambio de insignia o un reconocimiento administrativo, el ascenso representa confianza, responsabilidad y honor. M\u00e1s que un privilegio es un compromiso para el que se requiere coraje y determinar , tenacidad y perseverancia, personalidad y esp\u00edritu guerreros\u00bb, subray\u00f3 uno de los mandos militares en el evento.&nbsp;<\/p>\n\n\n\n<p>As\u00ed como destacar el invaluable apoyo de las familias de las y los militares y el orgullo que les representa tal distinci\u00f3n.<\/p>\n\n\n\n<p>Adem\u00e1s de las y los ascendidos de la octava regi\u00f3n militar se entregaron condecoraciones a otros mandos militares como Gabriel Pimentel N\u00fa\u00f1ez, V\u00edctor Jim\u00e9nez Dom\u00ednguez, \u00c9lmer Andrade Cruz y Luis Daniel Cort\u00e9s Guti\u00e9rrez.<\/p>\n\n\n\n<figure class=\"wp-block-embed is-type-rich is-provider-twitter wp-block-embed-twitter\"><div class=\"wp-block-embed__wrapper\">\n<div class=\"twitter-tweet\"><blockquote class=\"twitter-tweet\" data-lang=\"es\"><p lang=\"es\" dir=\"ltr\">\u00a1Toda la felicidad del mundo! Una familia proveniente de San Juan Teotihuacan, Ciudad de M\u00e9xico, lleg\u00f3 a Oaxaca para acompa\u00f1ar a su hijo Antonio, en la ceremonia de ascensos efectuada ayer en la sede de la VIII Regi\u00f3n Militar de la Secretar\u00eda de la Defensa Nacional (<a href=\"https:\/\/twitter.com\/Defensamx1?ref_src=twsrc%5Etfw\">@Defensamx1<\/a>).\u2026 <a href=\"https:\/\/t.co\/lx74rOJUDw\">pic.twitter.com\/lx74rOJUDw<\/a><\/p>&mdash; Zona Roja Oaxaca (@ZonaRoja_Oaxaca) <a href=\"https:\/\/twitter.com\/ZonaRoja_Oaxaca\/status\/1992029106251411955?ref_src=twsrc%5Etfw\">22 de noviembre de 2025<\/a><\/blockquote><\/div>\n<\/div><\/figure>\n","protected":false},"excerpt":{"rendered":"<p>Lisbeth Mej\u00eda Reyes\/Zona Roja. Oaxaca, Oax., a 22 de noviembre de 2025.- Antonio Morales y&hellip;<\/p>\n","protected":false},"author":2,"featured_media":87156,"comment_status":"closed","ping_status":"open","sticky":false,"template":"","format":"standard","meta":{"_lmt_disableupdate":"","_lmt_disable":"","_jetpack_memberships_contains_paid_content":false,"footnotes":""},"categories":[109,46],"tags":[709],"class_list":["post-87199","post","type-post","status-publish","format-standard","has-post-thumbnail","hentry","category-minuto-a-minuto","category-zona-blanca","tag-viii-region-militar-sedena"],"jetpack_featured_media_url":"https:\/\/zonaroja.com.mx\/wp-content\/uploads\/2025\/11\/Militar-familia-Teotihuacan-Sedena.jpg","jetpack_sharing_enabled":true,"_links":{"self":[{"href":"https:\/\/zonaroja.com.mx\/index.php?rest_route=\/wp\/v2\/posts\/87199","targetHints":{"allow":["GET"]}}],"collection":[{"href":"https:\/\/zonaroja.com.mx\/index.php?rest_route=\/wp\/v2\/posts"}],"about":[{"href":"https:\/\/zonaroja.com.mx\/index.php?rest_route=\/wp\/v2\/types\/post"}],"author":[{"embeddable":true,"href":"https:\/\/zonaroja.com.mx\/index.php?rest_route=\/wp\/v2\/users\/2"}],"replies":[{"embeddable":true,"href":"https:\/\/zonaroja.com.mx\/index.php?rest_route=%2Fwp%2Fv2%2Fcomments&post=87199"}],"version-history":[{"count":1,"href":"https:\/\/zonaroja.com.mx\/index.php?rest_route=\/wp\/v2\/posts\/87199\/revisions"}],"predecessor-version":[{"id":87200,"href":"https:\/\/zonaroja.com.mx\/index.php?rest_route=\/wp\/v2\/posts\/87199\/revisions\/87200"}],"wp:featuredmedia":[{"embeddable":true,"href":"https:\/\/zonaroja.com.mx\/index.php?rest_route=\/wp\/v2\/media\/87156"}],"wp:attachment":[{"href":"https:\/\/zonaroja.com.mx\/index.php?rest_route=%2Fwp%2Fv2%2Fmedia&parent=87199"}],"wp:term":[{"taxonomy":"category","embeddable":true,"href":"https:\/\/zonaroja.com.mx\/index.php?rest_route=%2Fwp%2Fv2%2Fcategories&post=87199"},{"taxonomy":"post_tag","embeddable":true,"href":"https:\/\/zonaroja.com.mx\/index.php?rest_route=%2Fwp%2Fv2%2Ftags&post=87199"}],"curies":[{"name":"wp","href":"https:\/\/api.w.org\/{rel}","templated":true}]}}