{"id":8720,"date":"2020-02-13T10:46:37","date_gmt":"2020-02-13T16:46:37","guid":{"rendered":"https:\/\/www.zonaroja.com.mx\/?p=8720"},"modified":"2020-02-13T10:49:51","modified_gmt":"2020-02-13T16:49:51","slug":"hoy-inicia-nuevo-operativo-de-seguridad-desde-tuxtepec-hasta-la-canada","status":"publish","type":"post","link":"https:\/\/zonaroja.com.mx\/?p=8720","title":{"rendered":"Hoy inicia nuevo operativo de seguridad desde Tuxtepec hasta la Ca\u00f1ada"},"content":{"rendered":"\n<p class=\"gmail-MsoNoSpacing\">Yuridiana Sosa\/Zona Roja.  Foto: Tv Bus<\/p>\n\n\n\n<p class=\"gmail-MsoNoSpacing\">San Juan Bautista Tuxtepec, Oax., 13 febrero de 2020.- Con un despliegue operativo t\u00e1ctico, desde Tuxtepec, en la regi\u00f3n de la Cuenca, hasta la regi\u00f3n de la Ca\u00f1ada, arranca&nbsp;<a href=\"\/\/2\">este jueves<\/a>&nbsp;la nueva estrategia de seguridad que fijaron el gobierno de Oaxaca y Veracruz en materia de seguridad p\u00fablica.<\/p>\n\n\n\n<p class=\"gmail-MsoNoSpacing\">Entre las t\u00e1cticas que se implementar\u00e1n en esta ocasi\u00f3n ser\u00e1 el uso de un helic\u00f3ptero del gobierno de Veracruz para cubrir la regi\u00f3n de la Ca\u00f1ada, donde localizaron puntos d\u00e9biles en seguridad, se\u00f1al\u00f3 el Secretario de Seguridad P\u00fablica de Oaxaca, Ra\u00fal Ernesto Salcedo Rosales.<\/p>\n\n\n\n<p class=\"gmail-MsoNoSpacing\">Durante la reuni\u00f3n por la construcci\u00f3n de la paz y seguridad, realizada&nbsp;<a href=\"\/\/3\">este mi\u00e9rcoles<\/a>&nbsp;en Tuxtepec, las autoridades oaxaque\u00f1as expusieron que en el tramo Cuenca-Ca\u00f1ada existen 11 rutas que comunican con Veracruz y donde ha hecho falta la presencia institucional por ambos estados, indic\u00f3 el secretario en entrevista con TVBus Televis\u00f3n, tras el encuentro.<\/p>\n\n\n\n<p class=\"gmail-MsoNoSpacing\">Salcedo Rosales asever\u00f3 que la diferencia de la reciente reuni\u00f3n con anteriores, es que en esta ocasi\u00f3n Oaxaca y Veracruz delimitaron los puntos de confluencia m\u00e1s susceptibles donde son necesarios fortalecer la presencia policial y trabajos de inteligencia.<\/p>\n\n\n\n<p class=\"gmail-MsoNoSpacing\">Son al menos siete puntos espec\u00edficos donde las fuerzas de Veracruz y Oaxaca establecer\u00e1n puntos coordinados permanentes y m\u00f3viles de control para evitar que las actividades delictivas contin\u00faen de forma libre y desordenada.Durante este nuevo operativo, dijo, se desarrollar\u00e1n acciones que tiene que ver con uso de tecnolog\u00eda y medios de inteligencia para la identificaci\u00f3n de objetivos y bandas; realizar cateos, detenciones y aseguramientos, impactando a los grupos que cometen delitos del orden com\u00fan y federal, desde abigeato hasta actividades relacionadas con el narcotr\u00e1fico, tr\u00e1fico de personas, entre otras cosas. <\/p>\n","protected":false},"excerpt":{"rendered":"<p>Yuridiana Sosa\/Zona Roja. Foto: Tv Bus San Juan Bautista Tuxtepec, Oax., 13 febrero de 2020.-&hellip;<\/p>\n","protected":false},"author":2,"featured_media":8722,"comment_status":"closed","ping_status":"open","sticky":false,"template":"","format":"standard","meta":{"_lmt_disableupdate":"","_lmt_disable":"","_jetpack_memberships_contains_paid_content":false,"footnotes":""},"categories":[109,47],"tags":[],"class_list":["post-8720","post","type-post","status-publish","format-standard","has-post-thumbnail","hentry","category-minuto-a-minuto","category-zona-gris"],"jetpack_featured_media_url":"https:\/\/zonaroja.com.mx\/wp-content\/uploads\/2020\/02\/img_8141-1.jpg","jetpack_sharing_enabled":true,"_links":{"self":[{"href":"https:\/\/zonaroja.com.mx\/index.php?rest_route=\/wp\/v2\/posts\/8720","targetHints":{"allow":["GET"]}}],"collection":[{"href":"https:\/\/zonaroja.com.mx\/index.php?rest_route=\/wp\/v2\/posts"}],"about":[{"href":"https:\/\/zonaroja.com.mx\/index.php?rest_route=\/wp\/v2\/types\/post"}],"author":[{"embeddable":true,"href":"https:\/\/zonaroja.com.mx\/index.php?rest_route=\/wp\/v2\/users\/2"}],"replies":[{"embeddable":true,"href":"https:\/\/zonaroja.com.mx\/index.php?rest_route=%2Fwp%2Fv2%2Fcomments&post=8720"}],"version-history":[{"count":1,"href":"https:\/\/zonaroja.com.mx\/index.php?rest_route=\/wp\/v2\/posts\/8720\/revisions"}],"predecessor-version":[{"id":8721,"href":"https:\/\/zonaroja.com.mx\/index.php?rest_route=\/wp\/v2\/posts\/8720\/revisions\/8721"}],"wp:featuredmedia":[{"embeddable":true,"href":"https:\/\/zonaroja.com.mx\/index.php?rest_route=\/wp\/v2\/media\/8722"}],"wp:attachment":[{"href":"https:\/\/zonaroja.com.mx\/index.php?rest_route=%2Fwp%2Fv2%2Fmedia&parent=8720"}],"wp:term":[{"taxonomy":"category","embeddable":true,"href":"https:\/\/zonaroja.com.mx\/index.php?rest_route=%2Fwp%2Fv2%2Fcategories&post=8720"},{"taxonomy":"post_tag","embeddable":true,"href":"https:\/\/zonaroja.com.mx\/index.php?rest_route=%2Fwp%2Fv2%2Ftags&post=8720"}],"curies":[{"name":"wp","href":"https:\/\/api.w.org\/{rel}","templated":true}]}}