{"id":87207,"date":"2025-11-23T09:45:00","date_gmt":"2025-11-23T15:45:00","guid":{"rendered":"https:\/\/zonaroja.com.mx\/?p=87207"},"modified":"2025-11-23T06:39:37","modified_gmt":"2025-11-23T12:39:37","slug":"edil-porfirio-santos-matias-pretende-perpetuarse-en-el-poder-en-san-antonio-de-la-cal","status":"publish","type":"post","link":"https:\/\/zonaroja.com.mx\/?p=87207","title":{"rendered":"Edil Porfirio Santos Mat\u00edas pretende perpetuarse en el poder en San Antonio de la Cal"},"content":{"rendered":"\n<p>Raymundo Morales\/Zona Roja.<\/p>\n\n\n\n<p>Oaxaca, Oax., a 23 de noviembre de 2025.- Inhabilitado por las autoridades electorales debido a m\u00faltiples irregularidades, el presidente municipal de San Antonio de la Cal, Porfirio Santos Mat\u00edas, pretende perpetuarse en el poder, ahora a trav\u00e9s de su hermano.<\/p>\n\n\n\n<p>El edil se registr\u00f3 como suplente de su hermano V\u00edctor Santos Mat\u00edas, quien aspira a la presidencia municipal, pero una vez asumido el cargo, ser\u00eda relevado por Porfirio Santos.<\/p>\n\n\n\n<p>As\u00ed lo denunciaron habitantes de dicho municipio conurbado a la ciudad de Oaxaca, quienes recriminaron la intenci\u00f3n del a\u00fan presidente municipal, pese a los resultados durante su administraci\u00f3n han sido desastrosos, adem\u00e1s de nula obra p\u00fablica y grave inseguridad.<\/p>\n\n\n\n<p>La indignaci\u00f3n se desbord\u00f3 en San Antonio de la Cal al considerarse un acto de ambici\u00f3n desbordada, aferramiento al poder y un intento de perpetuar el control pol\u00edtico mediante la familia, pese a que tribunales y autoridades ya le han negado a Porfirio Santos Mat\u00edas la participaci\u00f3n directa.<\/p>\n\n\n\n<p>De acuerdo con la mayor\u00eda de pobladores, para muchos habitantes, esta planilla es la prueba m\u00e1s clara de que Porfirio Santos no tiene l\u00edmites en su ambici\u00f3n, que no respeta la vida comunitaria y que convierte al municipio en un bot\u00edn personal.<\/p>\n\n\n\n<p>Recordaron que la Presidenta Claudia Sheinbaum ha reiterado su rechazo al nepotismo, lo que el a\u00fan edil, que no es originario de San Antonio de la Cal, pretende hacer mediante su hermano, en caso de que llegara a ganar las elecciones.<\/p>\n\n\n\n<p>Acusaron que Santos Mat\u00edas presume cercan\u00edas con figuras de Morena y el propio IEEPCO que lo llevar\u00e1n al triunfo , mientras traiciona por completo esos principios de la llamada Cuarta Transformaci\u00f3n.<\/p>\n\n\n\n<p>A lo largo de su administraci\u00f3n, han surgido se\u00f1alamientos graves, como la falta de claridad en el destino del dinero p\u00fablico y que muchas obras se reportan sin ejecutarse o con costos inflados.<\/p>\n\n\n\n<p>Adem\u00e1s, los propios vecinos recuerdan que ha logrado poco o nada para el desarrollo comunitario, priorizando intereses personales sobre las necesidades urgentes de infraestructura, seguridad y servicios e incluso se le acusa de provocar divisi\u00f3n, confrontar a la poblaci\u00f3n y actuar con soberbia ante las autoridades tradicionales.<\/p>\n\n\n\n<p>Se suman denuncias de pr\u00e1cticas de intimidaci\u00f3n, cobros indebidos, amenazas y utilizaci\u00f3n de la polic\u00eda como herramienta de control pol\u00edtico y extorsi\u00f3n.<\/p>\n\n\n\n<p>La publicaci\u00f3n de la planilla de V\u00edctor Santos Mat\u00edas con Porfirio Santos Mat\u00edas como suplente es vista como la se\u00f1al m\u00e1s clara de que busca perpetuarse a cualquier costo, convirtiendo la administraci\u00f3n p\u00fablica en un negocio familiar.<\/p>\n\n\n\n<p>A estos se\u00f1alamientos se suma que V\u00edctor Santos Mat\u00edas, hoy candidato a presidente municipal, fue retenido por habitantes tras presuntamente provocar da\u00f1os con una retroexcavadora mientras conduc\u00eda en estado et\u00edlico.<\/p>\n\n\n\n<p>El hecho, ocurrido al inicio de la administraci\u00f3n de su hermano, termin\u00f3 con el involucrado amarrado a un poste, luego de que vecinos impidieran que elementos policiacos \u2014quienes presuntamente acudieron por instrucciones del edil\u2014 lo liberaran sin responder por los da\u00f1os ocasionados y por las lesiones a una mujer.<\/p>\n","protected":false},"excerpt":{"rendered":"<p>Raymundo Morales\/Zona Roja. Oaxaca, Oax., a 23 de noviembre de 2025.- Inhabilitado por las autoridades&hellip;<\/p>\n","protected":false},"author":2,"featured_media":87208,"comment_status":"closed","ping_status":"open","sticky":false,"template":"","format":"standard","meta":{"_lmt_disableupdate":"","_lmt_disable":"","_jetpack_memberships_contains_paid_content":false,"footnotes":""},"categories":[109,47],"tags":[3670,875],"class_list":["post-87207","post","type-post","status-publish","format-standard","has-post-thumbnail","hentry","category-minuto-a-minuto","category-zona-gris","tag-porfirio-santos-matias","tag-san-antonio-de-la-cal"],"jetpack_featured_media_url":"https:\/\/zonaroja.com.mx\/wp-content\/uploads\/2025\/11\/Porfirio-Santos-Matias-y-hermano.jpeg","jetpack_sharing_enabled":true,"_links":{"self":[{"href":"https:\/\/zonaroja.com.mx\/index.php?rest_route=\/wp\/v2\/posts\/87207","targetHints":{"allow":["GET"]}}],"collection":[{"href":"https:\/\/zonaroja.com.mx\/index.php?rest_route=\/wp\/v2\/posts"}],"about":[{"href":"https:\/\/zonaroja.com.mx\/index.php?rest_route=\/wp\/v2\/types\/post"}],"author":[{"embeddable":true,"href":"https:\/\/zonaroja.com.mx\/index.php?rest_route=\/wp\/v2\/users\/2"}],"replies":[{"embeddable":true,"href":"https:\/\/zonaroja.com.mx\/index.php?rest_route=%2Fwp%2Fv2%2Fcomments&post=87207"}],"version-history":[{"count":1,"href":"https:\/\/zonaroja.com.mx\/index.php?rest_route=\/wp\/v2\/posts\/87207\/revisions"}],"predecessor-version":[{"id":87209,"href":"https:\/\/zonaroja.com.mx\/index.php?rest_route=\/wp\/v2\/posts\/87207\/revisions\/87209"}],"wp:featuredmedia":[{"embeddable":true,"href":"https:\/\/zonaroja.com.mx\/index.php?rest_route=\/wp\/v2\/media\/87208"}],"wp:attachment":[{"href":"https:\/\/zonaroja.com.mx\/index.php?rest_route=%2Fwp%2Fv2%2Fmedia&parent=87207"}],"wp:term":[{"taxonomy":"category","embeddable":true,"href":"https:\/\/zonaroja.com.mx\/index.php?rest_route=%2Fwp%2Fv2%2Fcategories&post=87207"},{"taxonomy":"post_tag","embeddable":true,"href":"https:\/\/zonaroja.com.mx\/index.php?rest_route=%2Fwp%2Fv2%2Ftags&post=87207"}],"curies":[{"name":"wp","href":"https:\/\/api.w.org\/{rel}","templated":true}]}}