{"id":87210,"date":"2025-11-23T10:41:00","date_gmt":"2025-11-23T16:41:00","guid":{"rendered":"https:\/\/zonaroja.com.mx\/?p=87210"},"modified":"2025-11-23T06:45:54","modified_gmt":"2025-11-23T12:45:54","slug":"presidenta-del-congreso-reconoce-respaldo-de-sheinbaum-a-oaxaca","status":"publish","type":"post","link":"https:\/\/zonaroja.com.mx\/?p=87210","title":{"rendered":"Presidenta del Congreso reconoce respaldo de Sheinbaum a Oaxaca"},"content":{"rendered":"\n<p>Redacci\u00f3nZona Roja.<\/p>\n\n\n\n<p>Oaxaca, Oax., a 23 de noviembre de 2025.- Al saludarla ayer en San Pedro y San Pablo Teposcolula, la presidenta de la Junta de Coordinaci\u00f3n Pol\u00edtica (Jucopo) en el Congreso del Estado, Tania Caballero Navarro reconoci\u00f3 el trabajo de la mandataria Claudia Sheinbaum a favor de Oaxaca.<\/p>\n\n\n\n<p>La legisladora celebr\u00f3 la inauguraci\u00f3n del Tramo 1 de la L\u00ednea K del Tren Interoce\u00e1nico y los avances presentados del Plan \u201cL\u00e1zaro C\u00e1rdenas\u201d en la Mixteca, proyectos impulsados bajo el liderazgo de la Presidenta de M\u00e9xico.<\/p>\n\n\n\n<p>En el marco de la gira de trabajo que la mandataria federal realiz\u00f3 en el Istmo de Tehuantepec y la Mixteca, destac\u00f3 que estas obras de infraestructura son muestra de la voluntad y el compromiso de la Cuarta Transformaci\u00f3n en reparar la deuda hist\u00f3rica con los pueblos y comunidades que por d\u00e9cadas permanecieron olvidadas, sin embargo ahora son una prioridad.&nbsp;<\/p>\n\n\n\n<p>\u00abDe la mano de nuestra Presidenta en Oaxaca se avanza con la reducci\u00f3n de las brechas sociales y econ\u00f3micas para seguir dando continuidad al desarrollo regional \u00ab, subray\u00f3.&nbsp;<\/p>\n\n\n\n<p>La tambi\u00e9n coordinadora del Grupo Parlamentario de Morena, extern\u00f3 su reconocimiento al trabajo de Sheinbaum Pardo, pues destac\u00f3 que estos proyectos transformar\u00e1n la movilidad y productividad en ambas regiones, adem\u00e1s de reducir la pobreza y marginaci\u00f3n en las comunidades.<\/p>\n","protected":false},"excerpt":{"rendered":"<p>Redacci\u00f3nZona Roja. Oaxaca, Oax., a 23 de noviembre de 2025.- Al saludarla ayer en San&hellip;<\/p>\n","protected":false},"author":2,"featured_media":87211,"comment_status":"closed","ping_status":"open","sticky":false,"template":"","format":"standard","meta":{"_lmt_disableupdate":"","_lmt_disable":"","_jetpack_memberships_contains_paid_content":false,"footnotes":""},"categories":[109,46],"tags":[2629],"class_list":["post-87210","post","type-post","status-publish","format-standard","has-post-thumbnail","hentry","category-minuto-a-minuto","category-zona-blanca","tag-tania-caballero-navarro"],"jetpack_featured_media_url":"https:\/\/zonaroja.com.mx\/wp-content\/uploads\/2025\/11\/Tania-Caballero-Congreso-y-Claudia-Sheinbaum.jpeg","jetpack_sharing_enabled":true,"_links":{"self":[{"href":"https:\/\/zonaroja.com.mx\/index.php?rest_route=\/wp\/v2\/posts\/87210","targetHints":{"allow":["GET"]}}],"collection":[{"href":"https:\/\/zonaroja.com.mx\/index.php?rest_route=\/wp\/v2\/posts"}],"about":[{"href":"https:\/\/zonaroja.com.mx\/index.php?rest_route=\/wp\/v2\/types\/post"}],"author":[{"embeddable":true,"href":"https:\/\/zonaroja.com.mx\/index.php?rest_route=\/wp\/v2\/users\/2"}],"replies":[{"embeddable":true,"href":"https:\/\/zonaroja.com.mx\/index.php?rest_route=%2Fwp%2Fv2%2Fcomments&post=87210"}],"version-history":[{"count":1,"href":"https:\/\/zonaroja.com.mx\/index.php?rest_route=\/wp\/v2\/posts\/87210\/revisions"}],"predecessor-version":[{"id":87212,"href":"https:\/\/zonaroja.com.mx\/index.php?rest_route=\/wp\/v2\/posts\/87210\/revisions\/87212"}],"wp:featuredmedia":[{"embeddable":true,"href":"https:\/\/zonaroja.com.mx\/index.php?rest_route=\/wp\/v2\/media\/87211"}],"wp:attachment":[{"href":"https:\/\/zonaroja.com.mx\/index.php?rest_route=%2Fwp%2Fv2%2Fmedia&parent=87210"}],"wp:term":[{"taxonomy":"category","embeddable":true,"href":"https:\/\/zonaroja.com.mx\/index.php?rest_route=%2Fwp%2Fv2%2Fcategories&post=87210"},{"taxonomy":"post_tag","embeddable":true,"href":"https:\/\/zonaroja.com.mx\/index.php?rest_route=%2Fwp%2Fv2%2Ftags&post=87210"}],"curies":[{"name":"wp","href":"https:\/\/api.w.org\/{rel}","templated":true}]}}