{"id":87216,"date":"2025-11-23T14:15:00","date_gmt":"2025-11-23T20:15:00","guid":{"rendered":"https:\/\/zonaroja.com.mx\/?p=87216"},"modified":"2025-11-23T14:57:23","modified_gmt":"2025-11-23T20:57:23","slug":"escolta-habria-matado-al-asesino-de-edil-carlos-manzo-con-su-misma-pistola","status":"publish","type":"post","link":"https:\/\/zonaroja.com.mx\/?p=87216","title":{"rendered":"Escolta habr\u00eda matado al asesino de edil Carlos Manzo con su misma pistola"},"content":{"rendered":"\n<p>Redacci\u00f3n\/Zona Roja Cdmx.<\/p>\n\n\n\n<p>(Informaci\u00f3n de Fuerza Informativa Azteca)<\/p>\n\n\n\n<p>Ciudad de M\u00e9xico, a 23 de noviembre de 2025.- Una audiencia marat\u00f3nica de m\u00e1s de ocho horas destap\u00f3 la presunta maquinaria criminal detr\u00e1s del asesinato de Carlos Manzo, alcalde de Uruapan.<\/p>\n\n\n\n<p>La Fiscal\u00eda de Michoac\u00e1n revel\u00f3 dos datos devastadores: uno de sus propios escoltas lo traicion\u00f3 filtrando su ubicaci\u00f3n a los sicarios, y el director de la polic\u00eda, Demetrio \u00abN\u00bb, ejecut\u00f3 al tirador cuando este ya estaba desarmado, impidiendo adem\u00e1s que recibiera atenci\u00f3n m\u00e9dica.<\/p>\n\n\n\n<p>El juez dict\u00f3 prisi\u00f3n preventiva oficiosa contra Jorge Armando \u00abN\u00bb, alias \u00abEl Licenciado\u00bb (presunto autor intelectual), y contra los siete escoltas del edil, mientras la defensa solicit\u00f3 la duplicidad del t\u00e9rmino constitucional, posponiendo la definici\u00f3n de su situaci\u00f3n jur\u00eddica para el pr\u00f3ximo mi\u00e9rcoles.<\/p>\n\n\n\n<p>La Fiscal\u00eda present\u00f3 pruebas contundentes que se\u00f1alan que Carlos Manzo fue vulnerado desde su c\u00edrculo m\u00e1s \u00edntimo. Las investigaciones revelaron que uno de los agentes encargados de la seguridad del edil lo traicion\u00f3, brindando informaci\u00f3n precisa y en tiempo real a los agresores del C\u00e1rtel Jalisco Nueva Generaci\u00f3n (CJNG) sobre sus movimientos y ubicaciones para perpetrar el ataque.<\/p>\n\n\n\n<p>Aunque la identidad espec\u00edfica de este traidor no fue revelada p\u00fablicamente en la audiencia, el dato confirma la teor\u00eda de la conspiraci\u00f3n interna.<\/p>\n\n\n\n<p>La audiencia tambi\u00e9n esclareci\u00f3 la muerte de V\u00edctor Manuel, el sicario de 17 a\u00f1os. La mec\u00e1nica de hechos establecida por la Agencia de Investigaci\u00f3n Criminal (AIC) fue la siguiente:<\/p>\n\n\n\n<ul class=\"wp-block-list\">\n<li>V\u00edctor Manuel dispar\u00f3 primero e hiri\u00f3 a un civil (F\u00e9lix) que se tomaba una foto con el alcalde.<\/li>\n<\/ul>\n\n\n\n<ul class=\"wp-block-list\">\n<li>Rectific\u00f3 la punter\u00eda y dispar\u00f3 6 veces contra Carlos Manzo.<\/li>\n<\/ul>\n\n\n\n<ul class=\"wp-block-list\">\n<li>Acto seguido, solt\u00f3 el arma.<\/li>\n<\/ul>\n\n\n\n<p>Fue en ese momento, tras un forcejeo con el equipo de seguridad, que Demetrio \u00abN\u00bb, ahora ex director de la polic\u00eda, tom\u00f3 el arma homicida y la accion\u00f3 contra el tirador, quien ya se encontraba desarmado.<\/p>\n\n\n\n<p>Aunque Demetrio declar\u00f3 que dispar\u00f3 a \u00abmetro y medio de distancia\u00bb, el peritaje cient\u00edfico lo contradijo, demostrando que se aproxim\u00f3 para realizar la detonaci\u00f3n fatal.<\/p>\n\n\n\n<p>Adem\u00e1s, un param\u00e9dico testific\u00f3 que los escoltas le impidieron auxiliar al homicida herido; solo se le permiti\u00f3 revisarlo cuando intervino la Guardia Nacional, pero ya hab\u00eda muerto.<\/p>\n\n\n\n<p>Jorge Armando \u00abN\u00bb, \u00abEl Licenciado\u00bb, enfrenta cargos por Homicidio y Lesiones Calificadas como autor intelectual. Se le vincula adem\u00e1s con secuestros y cobro de piso en Huandacareo y Uriangato.<\/p>\n\n\n\n<p>Por su parte, los escoltas Omar, Alejandro, Mario Alberto, Guillermo, Demetrio, Omar Osvaldo y Montserrat est\u00e1n acusados de Homicidio Doloso en Comisi\u00f3n por Omisi\u00f3n, al facilitar el crimen y ejecutar extrajudicialmente al agresor para silenciarlo.<\/p>\n","protected":false},"excerpt":{"rendered":"<p>Redacci\u00f3n\/Zona Roja Cdmx. (Informaci\u00f3n de Fuerza Informativa Azteca) Ciudad de M\u00e9xico, a 23 de noviembre&hellip;<\/p>\n","protected":false},"author":2,"featured_media":87217,"comment_status":"closed","ping_status":"open","sticky":false,"template":"","format":"standard","meta":{"_lmt_disableupdate":"","_lmt_disable":"","_jetpack_memberships_contains_paid_content":false,"footnotes":""},"categories":[109,47],"tags":[4507,507],"class_list":["post-87216","post","type-post","status-publish","format-standard","has-post-thumbnail","hentry","category-minuto-a-minuto","category-zona-gris","tag-carlos-manzo-rodriguez","tag-uruapan-michoacan-2"],"jetpack_featured_media_url":"https:\/\/zonaroja.com.mx\/wp-content\/uploads\/2025\/11\/Detenidos-caso-Carlos-Manzo-Uruapan-Moichoacan.webp","jetpack_sharing_enabled":true,"_links":{"self":[{"href":"https:\/\/zonaroja.com.mx\/index.php?rest_route=\/wp\/v2\/posts\/87216","targetHints":{"allow":["GET"]}}],"collection":[{"href":"https:\/\/zonaroja.com.mx\/index.php?rest_route=\/wp\/v2\/posts"}],"about":[{"href":"https:\/\/zonaroja.com.mx\/index.php?rest_route=\/wp\/v2\/types\/post"}],"author":[{"embeddable":true,"href":"https:\/\/zonaroja.com.mx\/index.php?rest_route=\/wp\/v2\/users\/2"}],"replies":[{"embeddable":true,"href":"https:\/\/zonaroja.com.mx\/index.php?rest_route=%2Fwp%2Fv2%2Fcomments&post=87216"}],"version-history":[{"count":1,"href":"https:\/\/zonaroja.com.mx\/index.php?rest_route=\/wp\/v2\/posts\/87216\/revisions"}],"predecessor-version":[{"id":87218,"href":"https:\/\/zonaroja.com.mx\/index.php?rest_route=\/wp\/v2\/posts\/87216\/revisions\/87218"}],"wp:featuredmedia":[{"embeddable":true,"href":"https:\/\/zonaroja.com.mx\/index.php?rest_route=\/wp\/v2\/media\/87217"}],"wp:attachment":[{"href":"https:\/\/zonaroja.com.mx\/index.php?rest_route=%2Fwp%2Fv2%2Fmedia&parent=87216"}],"wp:term":[{"taxonomy":"category","embeddable":true,"href":"https:\/\/zonaroja.com.mx\/index.php?rest_route=%2Fwp%2Fv2%2Fcategories&post=87216"},{"taxonomy":"post_tag","embeddable":true,"href":"https:\/\/zonaroja.com.mx\/index.php?rest_route=%2Fwp%2Fv2%2Ftags&post=87216"}],"curies":[{"name":"wp","href":"https:\/\/api.w.org\/{rel}","templated":true}]}}