{"id":87219,"date":"2025-11-23T11:06:00","date_gmt":"2025-11-23T17:06:00","guid":{"rendered":"https:\/\/zonaroja.com.mx\/?p=87219"},"modified":"2025-11-23T07:08:18","modified_gmt":"2025-11-23T13:08:18","slug":"continua-la-integracion-de-unidades-de-proteccion-civil-en-mercados-de-oaxaca","status":"publish","type":"post","link":"https:\/\/zonaroja.com.mx\/?p=87219","title":{"rendered":"Contin\u00faa la integraci\u00f3n de Unidades de Protecci\u00f3n Civil en mercados de Oaxaca"},"content":{"rendered":"\n<p>Redacci\u00f3n\/Zona Roja.<\/p>\n\n\n\n<p>Oaxaca, Oax., a 23 de noviembre de 2025.- Con el objetivo de fortalecer la cultura de la prevenci\u00f3n y garantizar la seguridad en los centros de abasto de la ciudad, la Direcci\u00f3n de Protecci\u00f3n Civil Municipal, adscrita a la Secretar\u00eda de Gobierno y Territorio de Oaxaca de Ju\u00e1rez, en coordinaci\u00f3n con la Direcci\u00f3n de Mercados, llev\u00f3 a cabo la toma de protesta de nuevas Unidades Internas de Protecci\u00f3n Civil en diversos mercados de la capital.<\/p>\n\n\n\n<p>En esta jornada asumieron su compromiso formal las Unidades Internas de los mercados IV Centenario, La Noria, Mercado de Artesan\u00edas, S\u00e1nchez Pascuas, Paz Migueles, La Merced y Mercado Zonal La Cascada, sumando un total de siete grupos m\u00e1s que se integran a la red municipal de atenci\u00f3n y respuesta ante emergencias. Estas estructuras internas tendr\u00e1n la responsabilidad de implementar acciones preventivas y actuar oportunamente frente a cualquier situaci\u00f3n de riesgo dentro de los espacios que diariamente reciben a miles de personas.<\/p>\n\n\n\n<p>Como parte de las actividades, las y los integrantes participaron en capacitaciones te\u00f3rico-pr\u00e1cticas sobre el uso adecuado de extintores, que incluyeron ejercicios con fuego real, con el fin de dotarlos de conocimientos y habilidades que les permitan reaccionar con eficacia ante un conato de incendio u otra contingencia.<\/p>\n\n\n\n<p>El director de Protecci\u00f3n Civil Municipal, Jos\u00e9 Gerardo Flores Caballero, destac\u00f3 que la conformaci\u00f3n de estas unidades en los mercados representa un avance esencial para proteger la integridad de comerciantes, visitantes y trabajadores, adem\u00e1s de promover una cultura de autoprotecci\u00f3n en los espacios p\u00fablicos.<\/p>\n\n\n\n<p>Asimismo, inform\u00f3 que en los pr\u00f3ximos d\u00edas continuar\u00e1 la toma de protesta en los mercados restantes, con el prop\u00f3sito de que todas las plazas comerciales cuenten con equipos organizados y capacitados para atender emergencias.<\/p>\n\n\n\n<p>El Gobierno Municipal, encabezado por el presidente Ray Chagoya, reafirma su compromiso con la prevenci\u00f3n y la construcci\u00f3n de una ciudad m\u00e1s segura, basada en la coordinaci\u00f3n entre autoridades y ciudadan\u00eda para salvaguardar la vida, el patrimonio y la tranquilidad de las familias oaxaque\u00f1as.<\/p>\n","protected":false},"excerpt":{"rendered":"<p>Redacci\u00f3n\/Zona Roja. Oaxaca, Oax., a 23 de noviembre de 2025.- Con el objetivo de fortalecer&hellip;<\/p>\n","protected":false},"author":2,"featured_media":87220,"comment_status":"closed","ping_status":"open","sticky":false,"template":"","format":"standard","meta":{"_lmt_disableupdate":"","_lmt_disable":"","_jetpack_memberships_contains_paid_content":false,"footnotes":""},"categories":[109,46],"tags":[148],"class_list":["post-87219","post","type-post","status-publish","format-standard","has-post-thumbnail","hentry","category-minuto-a-minuto","category-zona-blanca","tag-oaxaca-de-juarez"],"jetpack_featured_media_url":"https:\/\/zonaroja.com.mx\/wp-content\/uploads\/2025\/11\/Unidades-proteccion-civil-mercados.jpg","jetpack_sharing_enabled":true,"_links":{"self":[{"href":"https:\/\/zonaroja.com.mx\/index.php?rest_route=\/wp\/v2\/posts\/87219","targetHints":{"allow":["GET"]}}],"collection":[{"href":"https:\/\/zonaroja.com.mx\/index.php?rest_route=\/wp\/v2\/posts"}],"about":[{"href":"https:\/\/zonaroja.com.mx\/index.php?rest_route=\/wp\/v2\/types\/post"}],"author":[{"embeddable":true,"href":"https:\/\/zonaroja.com.mx\/index.php?rest_route=\/wp\/v2\/users\/2"}],"replies":[{"embeddable":true,"href":"https:\/\/zonaroja.com.mx\/index.php?rest_route=%2Fwp%2Fv2%2Fcomments&post=87219"}],"version-history":[{"count":1,"href":"https:\/\/zonaroja.com.mx\/index.php?rest_route=\/wp\/v2\/posts\/87219\/revisions"}],"predecessor-version":[{"id":87221,"href":"https:\/\/zonaroja.com.mx\/index.php?rest_route=\/wp\/v2\/posts\/87219\/revisions\/87221"}],"wp:featuredmedia":[{"embeddable":true,"href":"https:\/\/zonaroja.com.mx\/index.php?rest_route=\/wp\/v2\/media\/87220"}],"wp:attachment":[{"href":"https:\/\/zonaroja.com.mx\/index.php?rest_route=%2Fwp%2Fv2%2Fmedia&parent=87219"}],"wp:term":[{"taxonomy":"category","embeddable":true,"href":"https:\/\/zonaroja.com.mx\/index.php?rest_route=%2Fwp%2Fv2%2Fcategories&post=87219"},{"taxonomy":"post_tag","embeddable":true,"href":"https:\/\/zonaroja.com.mx\/index.php?rest_route=%2Fwp%2Fv2%2Ftags&post=87219"}],"curies":[{"name":"wp","href":"https:\/\/api.w.org\/{rel}","templated":true}]}}