{"id":87227,"date":"2025-11-23T20:11:56","date_gmt":"2025-11-24T02:11:56","guid":{"rendered":"https:\/\/zonaroja.com.mx\/?p=87227"},"modified":"2025-11-23T20:11:58","modified_gmt":"2025-11-24T02:11:58","slug":"asesinan-a-un-individuo-en-jamiltepec-y-lesionan-a-otro-en-tlacolula","status":"publish","type":"post","link":"https:\/\/zonaroja.com.mx\/?p=87227","title":{"rendered":"Asesinan a un individuo en Jamiltepec y lesionan a otro en Tlacolula"},"content":{"rendered":"\n<p>Raymundo Morales\/Zona Roja.<\/p>\n\n\n\n<p>Oaxaca, Oax., a 23 de noviembre de 2025.- Una persona del sexo masculino fue asesinada en Santiago Jamiltepec, mientras que una mujer result\u00f3 lesionada.<\/p>\n\n\n\n<p>Amas v\u00edctimas viajaban ayer a bordo de un veh\u00edculo, a la altura del mercado, cuando sujetos armados los acribillaron.<\/p>\n\n\n\n<p>La v\u00edctima fatal fue identificada de manera preliminar como Jes\u00fas O. H., de 48 a\u00f1os de edad; de la mujer a\u00fan no se ha revelado su identidad.<\/p>\n\n\n\n<p>La v\u00edctima se hab\u00eda desempe\u00f1ado como comandante de la polic\u00eda municipal de Santiago Jamiltepec, en el periodo de la entonces presidenta Cecilia Rivas y quien ten\u00eda antecedentes penales.<\/p>\n\n\n\n<p>El cuerpo del hoy occiso qued\u00f3 en el interior de su veh\u00edculo marca Mercedes Benz, con placas de circulaci\u00f3n PMR-334 de Michoac\u00e1n y su pareja a\u00fan convalece.<\/p>\n\n\n\n<p>Por otra parte, esta ma\u00f1ana en la carretera federal 190, tramo Tlacolula de Matamoros-Villa de Mitla, un mototaxista fue atacado a balazos; tras la atenci\u00f3n m\u00e9dica, fue trasladado a un hospital de la ciudad de Oaxaca.<\/p>\n\n\n\n<p>De manera preliminar se dio a conocer que se trata de \u00c1lvaro M. R., de aproximadamente 47 a\u00f1os de edad, originario de Mitla.<\/p>\n\n\n\n<p>Sin embargo, esta tarde se dio a conocer a trav\u00e9s de Facebook una denuncia en que la v\u00edctima hab\u00eda violado a una joven, a la que le solicito los servicios y la llev\u00f3 a un motel, donde abus\u00f3 de ella tras lo cual huy\u00f3.<\/p>\n","protected":false},"excerpt":{"rendered":"<p>Raymundo Morales\/Zona Roja. Oaxaca, Oax., a 23 de noviembre de 2025.- Una persona del sexo&hellip;<\/p>\n","protected":false},"author":2,"featured_media":87228,"comment_status":"closed","ping_status":"open","sticky":false,"template":"","format":"standard","meta":{"_lmt_disableupdate":"","_lmt_disable":"","_jetpack_memberships_contains_paid_content":false,"footnotes":""},"categories":[109,51],"tags":[797],"class_list":["post-87227","post","type-post","status-publish","format-standard","has-post-thumbnail","hentry","category-minuto-a-minuto","category-zona-roja","tag-santiago-jamiltepec"],"jetpack_featured_media_url":"https:\/\/zonaroja.com.mx\/wp-content\/uploads\/2025\/11\/ASesinado-Jamiltepec-y-pareja-herida.jpeg","jetpack_sharing_enabled":true,"_links":{"self":[{"href":"https:\/\/zonaroja.com.mx\/index.php?rest_route=\/wp\/v2\/posts\/87227","targetHints":{"allow":["GET"]}}],"collection":[{"href":"https:\/\/zonaroja.com.mx\/index.php?rest_route=\/wp\/v2\/posts"}],"about":[{"href":"https:\/\/zonaroja.com.mx\/index.php?rest_route=\/wp\/v2\/types\/post"}],"author":[{"embeddable":true,"href":"https:\/\/zonaroja.com.mx\/index.php?rest_route=\/wp\/v2\/users\/2"}],"replies":[{"embeddable":true,"href":"https:\/\/zonaroja.com.mx\/index.php?rest_route=%2Fwp%2Fv2%2Fcomments&post=87227"}],"version-history":[{"count":1,"href":"https:\/\/zonaroja.com.mx\/index.php?rest_route=\/wp\/v2\/posts\/87227\/revisions"}],"predecessor-version":[{"id":87229,"href":"https:\/\/zonaroja.com.mx\/index.php?rest_route=\/wp\/v2\/posts\/87227\/revisions\/87229"}],"wp:featuredmedia":[{"embeddable":true,"href":"https:\/\/zonaroja.com.mx\/index.php?rest_route=\/wp\/v2\/media\/87228"}],"wp:attachment":[{"href":"https:\/\/zonaroja.com.mx\/index.php?rest_route=%2Fwp%2Fv2%2Fmedia&parent=87227"}],"wp:term":[{"taxonomy":"category","embeddable":true,"href":"https:\/\/zonaroja.com.mx\/index.php?rest_route=%2Fwp%2Fv2%2Fcategories&post=87227"},{"taxonomy":"post_tag","embeddable":true,"href":"https:\/\/zonaroja.com.mx\/index.php?rest_route=%2Fwp%2Fv2%2Ftags&post=87227"}],"curies":[{"name":"wp","href":"https:\/\/api.w.org\/{rel}","templated":true}]}}