{"id":87230,"date":"2025-11-23T20:31:10","date_gmt":"2025-11-24T02:31:10","guid":{"rendered":"https:\/\/zonaroja.com.mx\/?p=87230"},"modified":"2025-11-23T21:13:05","modified_gmt":"2025-11-24T03:13:05","slug":"opinion-la-zeta-y-el-zapatito","status":"publish","type":"post","link":"https:\/\/zonaroja.com.mx\/?p=87230","title":{"rendered":"Opini\u00f3n. La zeta y el zapatismo"},"content":{"rendered":"\n<p>Diego Enrique Osorno*<\/p>\n\n\n\n<p>La Generaci\u00f3n Zeta mexicana naci\u00f3 en un pa\u00eds donde la guerra ya no era un evento extraordinario, sino el clima habitual. No vivi\u00f3 el levantamiento zapatista de 1994 ni el breve espejismo de la alternancia. Conoci\u00f3 desde la infancia la palabra \u201clevant\u00f3n\u201d, los feminicidios diarios, los retenes militares, los alcaldes asesinados\u2026 Lleg\u00f3 cuando el miedo se volvi\u00f3 rutina y la violencia paisaje.<\/p>\n\n\n\n<p>Esta generaci\u00f3n es hija directa de la guerra de arriba que los zapatistas avizoraron en su an\u00e1lisis de la Sexta Declaraci\u00f3n de la Selva Lacandona: una guerra silenciosa contra los pobres, contra los pueblos y contra quienes estorban al negocio. Pero tambi\u00e9n es hija de algo m\u00e1s: de la grieta, de una resistencia que no pretende tomar el poder, sino abrir un agujero en el muro del sistema para poder respirar.<\/p>\n\n\n\n<p>S\u00ed, se rebate que la zeta es fr\u00e1gil, que se ofende, que se dispersa, que se mueve por impulsos\u2026 pero esa supuesta fragilidad no es una falla, sino un diagn\u00f3stico. La zeta creci\u00f3 sin las certezas que sostuvieron generaciones anteriores. El futuro dej\u00f3 de ser promesa y se volvi\u00f3 pregunta. Y la precariedad ya no es excepci\u00f3n: es la estructura de su vida. Viven en casas que no pueden abandonar, trabajos que no duran y entre algoritmos que los entienden mejor que sus padres. Todo eso es violencia, aunque no estalle como un AK-47.<\/p>\n\n\n\n<p>Sin embargo, ah\u00ed donde el capitalismo intenta fabricar consumidores resignados o trabajadores autoexplotados, la zeta produce a veces algo inesperado: rabia l\u00facida. La rabia de quienes crecieron viendo a sus compa\u00f1eras desaparecer, o a sus barrios ser tomados por los c\u00e1rteles o los militares. Rabia de quienes aprendieron en su adolescencia que el Estado falla y que la vida no se protege sola.<\/p>\n\n\n\n<p>A diferencia de otros movimientos cl\u00e1sicos, la zeta no organiza partidos ni busca caudillos. Su pol\u00edtica no es electoral: es existencial. Se re\u00fanen en colectivas, en chats, en festivales, en asambleas improvisadas donde el lenguaje no es solemne. Nadar sabe su llama contra la normalizaci\u00f3n del horror.<\/p>\n\n\n\n<p>Si para el zapatismo, la palabra es arma y refugio; para la zeta, la palabra es meme y grito. Sin embargo, ambas estrategias comparten una misma intuici\u00f3n: no dejar que el poder defina el relato. Por eso la zeta se r\u00ede, parodia, viraliza. No porque no importe nada, sino porque aprendi\u00f3 \u2014como a veces lo hacen los zapatistas\u2014, que la iron\u00eda puede ser un escudo contra el cinismo de arriba.<\/p>\n\n\n\n<p>Por eso, a estas alturas, la pregunta no es si esta generaci\u00f3n ser\u00e1 revolucionaria o no en el sentido cl\u00e1sico marxista. La pregunta es si podr\u00e1 convertir su rabia y su lucidez en un \u201cnosotros\u201d real. Si podr\u00e1 pasar del yo herido al nosotros en rebeld\u00eda. Si podr\u00e1 transformar tanto hartazgo en algo com\u00fan.<\/p>\n\n\n\n<p>En un pa\u00eds en el que la transformaci\u00f3n puede confundirse con la devastaci\u00f3n, o el humanismo con el nacionalismo, tal vez la relaci\u00f3n entre la zeta y el zapatismo es menos prosaica, m\u00e1s po\u00e9tica: estriba en que ambos universos entienden que la libertad no es un regalo sino una pr\u00e1ctica adictiva y contagiosa. Porque a zetas y a zapatistas, nadie puede decirles \u201cas\u00ed son las cosas\u201d sin que \u00e9stos respondan con un \u201c\u00bfy qui\u00e9n te lo dijo?\u201d.<\/p>\n\n\n\n<p>Posdata casi c\u00f3mica<\/p>\n\n\n\n<p>La derecha menos inspirada de la historia reciente decidi\u00f3 disfrazarse de zeta, pero la zeta no es un eslogan para marchas prefabricadas (ni columnas balbuceantes como esta); es una generaci\u00f3n que naci\u00f3 en el derrumbe y aprendi\u00f3 a desconfiar de todo lo artificial. No hay membrete ni lenguaje ni est\u00e9tica usada como marketing pol\u00edtico que convierta a una \u00e9lite rancia en vanguardia.<\/p>\n\n\n\n<p>*Escritor y periodista.<\/p>\n\n\n\n<p>@DiegoEOsorno<\/p>\n","protected":false},"excerpt":{"rendered":"<p>Diego Enrique Osorno* La Generaci\u00f3n Zeta mexicana naci\u00f3 en un pa\u00eds donde la guerra ya&hellip;<\/p>\n","protected":false},"author":2,"featured_media":67760,"comment_status":"closed","ping_status":"open","sticky":false,"template":"","format":"standard","meta":{"_lmt_disableupdate":"","_lmt_disable":"","_jetpack_memberships_contains_paid_content":false,"footnotes":""},"categories":[456,109],"tags":[3020],"class_list":["post-87230","post","type-post","status-publish","format-standard","has-post-thumbnail","hentry","category-columna","category-minuto-a-minuto","tag-diego-enrique-osorno"],"jetpack_featured_media_url":"https:\/\/zonaroja.com.mx\/wp-content\/uploads\/2024\/04\/Diego-Enrique-Osorno.jpeg","jetpack_sharing_enabled":true,"_links":{"self":[{"href":"https:\/\/zonaroja.com.mx\/index.php?rest_route=\/wp\/v2\/posts\/87230","targetHints":{"allow":["GET"]}}],"collection":[{"href":"https:\/\/zonaroja.com.mx\/index.php?rest_route=\/wp\/v2\/posts"}],"about":[{"href":"https:\/\/zonaroja.com.mx\/index.php?rest_route=\/wp\/v2\/types\/post"}],"author":[{"embeddable":true,"href":"https:\/\/zonaroja.com.mx\/index.php?rest_route=\/wp\/v2\/users\/2"}],"replies":[{"embeddable":true,"href":"https:\/\/zonaroja.com.mx\/index.php?rest_route=%2Fwp%2Fv2%2Fcomments&post=87230"}],"version-history":[{"count":2,"href":"https:\/\/zonaroja.com.mx\/index.php?rest_route=\/wp\/v2\/posts\/87230\/revisions"}],"predecessor-version":[{"id":87235,"href":"https:\/\/zonaroja.com.mx\/index.php?rest_route=\/wp\/v2\/posts\/87230\/revisions\/87235"}],"wp:featuredmedia":[{"embeddable":true,"href":"https:\/\/zonaroja.com.mx\/index.php?rest_route=\/wp\/v2\/media\/67760"}],"wp:attachment":[{"href":"https:\/\/zonaroja.com.mx\/index.php?rest_route=%2Fwp%2Fv2%2Fmedia&parent=87230"}],"wp:term":[{"taxonomy":"category","embeddable":true,"href":"https:\/\/zonaroja.com.mx\/index.php?rest_route=%2Fwp%2Fv2%2Fcategories&post=87230"},{"taxonomy":"post_tag","embeddable":true,"href":"https:\/\/zonaroja.com.mx\/index.php?rest_route=%2Fwp%2Fv2%2Ftags&post=87230"}],"curies":[{"name":"wp","href":"https:\/\/api.w.org\/{rel}","templated":true}]}}