{"id":87236,"date":"2025-11-24T01:35:00","date_gmt":"2025-11-24T07:35:00","guid":{"rendered":"https:\/\/zonaroja.com.mx\/?p=87236"},"modified":"2025-11-24T07:37:32","modified_gmt":"2025-11-24T13:37:32","slug":"ola-de-homicidios-de-fin-de-semana-deja-en-oaxaca-8-muertos","status":"publish","type":"post","link":"https:\/\/zonaroja.com.mx\/?p=87236","title":{"rendered":"Ola de homicidios de fin de semana deja en Oaxaca 8 muertos"},"content":{"rendered":"\n<p>Ismael Garc\u00eda M.\/Zona Roja.<\/p>\n\n\n\n<p>Oaxaca, Oax., a 24 de noviembre de 2025.- Al menos ocho personas perdieron la vida durante el fin de semana, en diversos accidentes viales ocurridos en carreteras del estado de Oaxaca.<\/p>\n\n\n\n<p>Tan s\u00f3lo ayer domingo fueron cuatro decesos, el m\u00e1s reciente de ellos ocurri\u00f3 anoche en la carretera federal 175 Oaxaca-Puerto \u00c1ngel, jurisdicci\u00f3n de Ejutla de Crespo, a la altura del kil\u00f3metro 63.&nbsp;<\/p>\n\n\n\n<p>Ah\u00ed fueron atropelladas dos personas, una de las cuales perdi\u00f3 la vida y de manera preliminar se dio a conocer que la v\u00edctima se llam\u00f3 Pedro S. R., de 66 a\u00f1os de edad.<\/p>\n\n\n\n<p>Ayer por la tarde en la avenida Oleoducto de la colonia Hidalgo Oriente, en Salina Cruz, dos motociclistas chocaron.<\/p>\n\n\n\n<p>Uno de ellos, trabajador de Pemex, identificado como El\u00edas N. G., perdi\u00f3 la vida, mientras que otro fue trasladado a un hospital.<\/p>\n\n\n\n<p>Por la ma\u00f1ana, en la carretera federal 135, tramo San Juan Bautista Cuicatl\u00e1n-Teotitl\u00e1n de Flores Mag\u00f3n, a la altura del kil\u00f3metro 66, se suscit\u00f3 otro percance, con saldo de dos personas fallecidas y cuatro lesionadas.<\/p>\n\n\n\n<p>Las v\u00edctimas fatales de la volcadura de un veh\u00edculo fueron identificadas como Adriana N. M., de 25 a\u00f1os de edad, y Gerardo A. L., de 28 a\u00f1os.<\/p>\n\n\n\n<p>El s\u00e1bado se registr\u00f3 otro fuerte accidente, en la carretera federal 200 de la Costa, jurisdicci\u00f3n de Puerto Escondido, San Pedro Mixtepec, donde una mujer, Mar\u00eda de la Luz R., de 56 a\u00f1os, perdi\u00f3 la vida y su hija result\u00f3 lesionada, al derrapar con su motocicleta.<\/p>\n\n\n\n<p>El viernes 21 de noviembre, un choque entre un tr\u00e1iler de la empresa Coca-cola y un veh\u00edculo en el kil\u00f3metro 192 de la supercarretera Oaxaca-Cuacnopalan, dej\u00f3 como saldo dos personas sin vida.<\/p>\n\n\n\n<p>La v\u00edspera, en la carretera federal 190 Oaxaca-Istmo, cerca del crucero de San Francisco Lachigol\u00f3, una mujer que se trasladaba en motocicleta perdi\u00f3 la vida, al ser presuntamente arrojada por una unidad de motor.<\/p>\n","protected":false},"excerpt":{"rendered":"<p>Ismael Garc\u00eda M.\/Zona Roja. Oaxaca, Oax., a 24 de noviembre de 2025.- Al menos ocho&hellip;<\/p>\n","protected":false},"author":2,"featured_media":87237,"comment_status":"closed","ping_status":"open","sticky":false,"template":"","format":"standard","meta":{"_lmt_disableupdate":"","_lmt_disable":"","_jetpack_memberships_contains_paid_content":false,"footnotes":""},"categories":[109,47],"tags":[3416],"class_list":["post-87236","post","type-post","status-publish","format-standard","has-post-thumbnail","hentry","category-minuto-a-minuto","category-zona-gris","tag-accidentes-carreteros-oaxaca"],"jetpack_featured_media_url":"https:\/\/zonaroja.com.mx\/wp-content\/uploads\/2025\/11\/Accidentes-viales-Ejutla-muerto.jpeg","jetpack_sharing_enabled":true,"_links":{"self":[{"href":"https:\/\/zonaroja.com.mx\/index.php?rest_route=\/wp\/v2\/posts\/87236","targetHints":{"allow":["GET"]}}],"collection":[{"href":"https:\/\/zonaroja.com.mx\/index.php?rest_route=\/wp\/v2\/posts"}],"about":[{"href":"https:\/\/zonaroja.com.mx\/index.php?rest_route=\/wp\/v2\/types\/post"}],"author":[{"embeddable":true,"href":"https:\/\/zonaroja.com.mx\/index.php?rest_route=\/wp\/v2\/users\/2"}],"replies":[{"embeddable":true,"href":"https:\/\/zonaroja.com.mx\/index.php?rest_route=%2Fwp%2Fv2%2Fcomments&post=87236"}],"version-history":[{"count":1,"href":"https:\/\/zonaroja.com.mx\/index.php?rest_route=\/wp\/v2\/posts\/87236\/revisions"}],"predecessor-version":[{"id":87238,"href":"https:\/\/zonaroja.com.mx\/index.php?rest_route=\/wp\/v2\/posts\/87236\/revisions\/87238"}],"wp:featuredmedia":[{"embeddable":true,"href":"https:\/\/zonaroja.com.mx\/index.php?rest_route=\/wp\/v2\/media\/87237"}],"wp:attachment":[{"href":"https:\/\/zonaroja.com.mx\/index.php?rest_route=%2Fwp%2Fv2%2Fmedia&parent=87236"}],"wp:term":[{"taxonomy":"category","embeddable":true,"href":"https:\/\/zonaroja.com.mx\/index.php?rest_route=%2Fwp%2Fv2%2Fcategories&post=87236"},{"taxonomy":"post_tag","embeddable":true,"href":"https:\/\/zonaroja.com.mx\/index.php?rest_route=%2Fwp%2Fv2%2Ftags&post=87236"}],"curies":[{"name":"wp","href":"https:\/\/api.w.org\/{rel}","templated":true}]}}