{"id":87239,"date":"2025-11-24T08:23:58","date_gmt":"2025-11-24T14:23:58","guid":{"rendered":"https:\/\/zonaroja.com.mx\/?p=87239"},"modified":"2025-11-24T08:24:01","modified_gmt":"2025-11-24T14:24:01","slug":"reclama-arzobispo-que-continuen-desapariciones-y-homicidios","status":"publish","type":"post","link":"https:\/\/zonaroja.com.mx\/?p=87239","title":{"rendered":"Reclama Arzobispo que contin\u00faen desapariciones y homicidios"},"content":{"rendered":"\n<p>Raymundo Morales\/Zona Roja.<\/p>\n\n\n\n<p>Oaxaca, Oax., a 24 de noviembre de 2025.- \u201cMiles de familias siguen buscando, siguen buscando y sigue habiendo desaparecidos y sigue habiendo muertos, asesinados, sufrimiento y dolor\u2026\u201d.<\/p>\n\n\n\n<p>Con esas palabras, el Arzobispo de Antequera Oaxaca, Pedro V\u00e1zquez Villalobos, lament\u00f3 que este tipo de delitos contin\u00faen en el pa\u00eds y en el estado.<\/p>\n\n\n\n<p>La misa de ayer en Catedral se celebr\u00f3 con un templo lleno de gente pero a oscuras, por un problema de fallas en el suministro de energ\u00eda el\u00e9ctrica.<\/p>\n\n\n\n<p>\u201cEstoy muy feliz y muy agradecido con ustedes, porque hace tres d\u00edas les hicimos la invitaci\u00f3n a que vinieran hoy y miren qu\u00e9 hermosa respuesta. He visto la Iglesia Catedral, llena, s\u00ed, pero creo que nunca la hab\u00eda visto tan llena como hoy\u201d, dijo el prelado al dar la bienvenida a colectivos de b\u00fasqueda.<\/p>\n\n\n\n<p>Luego consider\u00f3 que las familias de las v\u00edctimas demandan paz, \u201cnecesitamos la paz, estamos cansando de mirar l\u00e1grimas o de derramar l\u00e1grimas ante tanto sufrimiento, ante tanto dolor.<\/p>\n\n\n\n<p>\u201cNo s\u00e9, no s\u00e9 c\u00f3mo ha tocado este sufrimiento a su familia. A mi familia, s\u00ed ha tocado sufrimiento, porque hasta el d\u00eda de hoy, no sabemos d\u00f3nde est\u00e1 un familiar nuestro. No lo sabemos\u201d.&nbsp;<\/p>\n\n\n\n<p>V\u00e1zquez Villalobos agreg\u00f3 que en el pa\u00eds, miles de familias viven en el dolor, el sufrimiento de no saber qu\u00e9 pas\u00f3, no saber y quisieran saber, porque tal vez piensan \u201cya muri\u00f3, pero quisiera saber d\u00f3nde est\u00e1, para darle la cristiana sepultura, para poder decir, aqu\u00ed est\u00e1n los restos de mis seres queridos\u201d.&nbsp;<\/p>\n\n\n\n<p>Agreg\u00f3 que miles de familias siguen buscando y sigue habiendo desaparecidos y sigue habiendo muertos, asesinados, sufrimiento y dolor.<\/p>\n\n\n\n<p>Por eso, pidi\u00f3 a Dios que a los familiares de los desaparecidos y de los asesinatos, encuentren l paz. \u201cLl\u00e9nese de Dios y sentir\u00e1 la paz y, para llenarnos de Dios, tenemos que sacar de nuestro coraz\u00f3n los resentimientos, los celos, las envidias, los deseos de venganza\u201d.&nbsp;<\/p>\n\n\n\n<p>Cuestion\u00f3:<\/p>\n\n\n\n<p>\u201c\u00bfPor qu\u00e9 usted, el d\u00eda de hoy, sigue negando su amor, por qu\u00e9? \u00bfpor qu\u00e9 muchos de nuestros hermanos se niegan al amor y toman las decisiones de quitarle la vida a otro? \u00bfpor qu\u00e9? \u00bfpor qu\u00e9 tanto odio? \u00bfqu\u00e9 ha pasado en el coraz\u00f3n del hombre, en el coraz\u00f3n de la mujer, qu\u00e9 ha pasado? \u00bfpor qu\u00e9 hemos sacado el amor de nuestro coraz\u00f3n y, por tanto, por qu\u00e9 hemos sacado de nuestro coraz\u00f3n a Dios? \u00bfpor qu\u00e9?\u201d.<\/p>\n\n\n\n<p>Consider\u00f3 que sucede porque muchas personas se creen con poder, due\u00f1os del mundo, due\u00f1os de la vida del otro y por lo cual deciden quitarle la vida.<\/p>\n\n\n\n<p>\u201cQu\u00e9 triste, qu\u00e9 triste es eso, sentirme due\u00f1o de la vida del otro. El \u00fanico due\u00f1o es Dios, \u00c9l es el Creador, nadie m\u00e1s, nadie m\u00e1s\u201d, sostuvo.<\/p>\n\n\n\n<p>Recomend\u00f3 revisar y cuidar la situaci\u00f3n familiar en los hogares, pues desde ah\u00ed han salido \u201ctodos los que le quitan la vida al hermano, salieron de una familia. No descuidemos, no descuidemos a nuestras familias, no descuidemos ese cultivar el amor\u201d.&nbsp;<\/p>\n","protected":false},"excerpt":{"rendered":"<p>Raymundo Morales\/Zona Roja. Oaxaca, Oax., a 24 de noviembre de 2025.- \u201cMiles de familias siguen&hellip;<\/p>\n","protected":false},"author":2,"featured_media":87240,"comment_status":"closed","ping_status":"open","sticky":false,"template":"","format":"standard","meta":{"_lmt_disableupdate":"","_lmt_disable":"","_jetpack_memberships_contains_paid_content":false,"footnotes":""},"categories":[109,46],"tags":[992],"class_list":["post-87239","post","type-post","status-publish","format-standard","has-post-thumbnail","hentry","category-minuto-a-minuto","category-zona-blanca","tag-arzobispo-de-antequera-oaxaca"],"jetpack_featured_media_url":"https:\/\/zonaroja.com.mx\/wp-content\/uploads\/2025\/11\/Misa-Arzobispo-desaparecidos-Oaxaca-catedral.jpg","jetpack_sharing_enabled":true,"_links":{"self":[{"href":"https:\/\/zonaroja.com.mx\/index.php?rest_route=\/wp\/v2\/posts\/87239","targetHints":{"allow":["GET"]}}],"collection":[{"href":"https:\/\/zonaroja.com.mx\/index.php?rest_route=\/wp\/v2\/posts"}],"about":[{"href":"https:\/\/zonaroja.com.mx\/index.php?rest_route=\/wp\/v2\/types\/post"}],"author":[{"embeddable":true,"href":"https:\/\/zonaroja.com.mx\/index.php?rest_route=\/wp\/v2\/users\/2"}],"replies":[{"embeddable":true,"href":"https:\/\/zonaroja.com.mx\/index.php?rest_route=%2Fwp%2Fv2%2Fcomments&post=87239"}],"version-history":[{"count":1,"href":"https:\/\/zonaroja.com.mx\/index.php?rest_route=\/wp\/v2\/posts\/87239\/revisions"}],"predecessor-version":[{"id":87241,"href":"https:\/\/zonaroja.com.mx\/index.php?rest_route=\/wp\/v2\/posts\/87239\/revisions\/87241"}],"wp:featuredmedia":[{"embeddable":true,"href":"https:\/\/zonaroja.com.mx\/index.php?rest_route=\/wp\/v2\/media\/87240"}],"wp:attachment":[{"href":"https:\/\/zonaroja.com.mx\/index.php?rest_route=%2Fwp%2Fv2%2Fmedia&parent=87239"}],"wp:term":[{"taxonomy":"category","embeddable":true,"href":"https:\/\/zonaroja.com.mx\/index.php?rest_route=%2Fwp%2Fv2%2Fcategories&post=87239"},{"taxonomy":"post_tag","embeddable":true,"href":"https:\/\/zonaroja.com.mx\/index.php?rest_route=%2Fwp%2Fv2%2Ftags&post=87239"}],"curies":[{"name":"wp","href":"https:\/\/api.w.org\/{rel}","templated":true}]}}