{"id":87242,"date":"2025-11-24T09:15:00","date_gmt":"2025-11-24T15:15:00","guid":{"rendered":"https:\/\/zonaroja.com.mx\/?p=87242"},"modified":"2025-11-24T08:33:48","modified_gmt":"2025-11-24T14:33:48","slug":"intensifica-la-seccion-22-sus-movilizaciones-esta-semana","status":"publish","type":"post","link":"https:\/\/zonaroja.com.mx\/?p=87242","title":{"rendered":"Intensifica la Secci\u00f3n 22 sus movilizaciones esta semana"},"content":{"rendered":"\n<p>Ismael Garc\u00eda M.\/Zona Roja.<\/p>\n\n\n\n<p>Oaxaca, Oax., a 24 de noviembre de 2025.- Luego de protestar durante dos d\u00edas por la visita de la Presidenta Claudia Sheinbaum a Oaxaca, la Secci\u00f3n 22 del Sindicato Nacional de Trabajadores de la Educaci\u00f3n prepara otras dos movilizaciones esta semana.<\/p>\n\n\n\n<p>En tanto, la noche del s\u00e1bado concluy\u00f3 en la Ciudad de M\u00e9xico la Asamblea Nacional Representativa de la Coordinadora Nacional de Trabajadores de la Educaci\u00f3n (CNTE), en que particip\u00f3 Oaxaca y que defini\u00f3 continuar las acciones de protesta ante incumplimientos del gobierno federal.<\/p>\n\n\n\n<p>Para ma\u00f1ana martes 25 de septiembre, el 10 por ciento de la gremial que encabeza Yenny Aracely P\u00e9rez Mart\u00ednez, efectuar\u00e1 una marcha de la fuente de las Ocho Regiones al z\u00f3calo de la capital oaxaque\u00f1a.<\/p>\n\n\n\n<p>Ello para recordar la \u00faltima batalla del a\u00f1o 2006 tras el intento de desalojo del 14 de junio de ese a\u00f1o; \u201cla exigencia de justicia, a 19 a\u00f1os de la represi\u00f3n y las detenciones arbitrarias\u201d, justific\u00f3.<\/p>\n\n\n\n<p>Mientras que para el jueves 27 de noviembre, se concentrar\u00e1 en un lugar por definir con el 20 por ciento de la membres\u00eda magisterial, para dar cobertura a una mesa de trabajo con los gobiernos federal y estatal.<\/p>\n\n\n\n<p>Lo anterior para revisar las demandas pendientes con ambas partes, negociaciones que durar\u00e1n todo el d\u00eda y se prev\u00e9n realizar en el Centro Cultural y de Convenciones de Oaxaca.<\/p>\n\n\n\n<p>Apenas el viernes por la noche en Juchit\u00e1n de Zaragoza y el s\u00e1bado al mediod\u00eda en San Pedro y San Pablo Teposcolula, el magisterio de esas regiones protest\u00f3 y grit\u00f3 a la Presidenta Sheinbaum por no cumplir con sus demandas, entre ellas la abrogaci\u00f3n de leyes.<\/p>\n\n\n\n<p>Pese a ello, los actos en los que tambi\u00e9n particip\u00f3 el gobernador Salom\u00f3n Jara Cruz, se llevaron sin contratiempos.<\/p>\n","protected":false},"excerpt":{"rendered":"<p>Ismael Garc\u00eda M.\/Zona Roja. Oaxaca, Oax., a 24 de noviembre de 2025.- Luego de protestar&hellip;<\/p>\n","protected":false},"author":2,"featured_media":86344,"comment_status":"closed","ping_status":"open","sticky":false,"template":"","format":"standard","meta":{"_lmt_disableupdate":"","_lmt_disable":"","_jetpack_memberships_contains_paid_content":false,"footnotes":""},"categories":[109,47],"tags":[312],"class_list":["post-87242","post","type-post","status-publish","format-standard","has-post-thumbnail","hentry","category-minuto-a-minuto","category-zona-gris","tag-seccion-22-del-snte"],"jetpack_featured_media_url":"https:\/\/zonaroja.com.mx\/wp-content\/uploads\/2025\/10\/Protesta-Seccion-22-SNTE.jpg","jetpack_sharing_enabled":true,"_links":{"self":[{"href":"https:\/\/zonaroja.com.mx\/index.php?rest_route=\/wp\/v2\/posts\/87242","targetHints":{"allow":["GET"]}}],"collection":[{"href":"https:\/\/zonaroja.com.mx\/index.php?rest_route=\/wp\/v2\/posts"}],"about":[{"href":"https:\/\/zonaroja.com.mx\/index.php?rest_route=\/wp\/v2\/types\/post"}],"author":[{"embeddable":true,"href":"https:\/\/zonaroja.com.mx\/index.php?rest_route=\/wp\/v2\/users\/2"}],"replies":[{"embeddable":true,"href":"https:\/\/zonaroja.com.mx\/index.php?rest_route=%2Fwp%2Fv2%2Fcomments&post=87242"}],"version-history":[{"count":1,"href":"https:\/\/zonaroja.com.mx\/index.php?rest_route=\/wp\/v2\/posts\/87242\/revisions"}],"predecessor-version":[{"id":87243,"href":"https:\/\/zonaroja.com.mx\/index.php?rest_route=\/wp\/v2\/posts\/87242\/revisions\/87243"}],"wp:featuredmedia":[{"embeddable":true,"href":"https:\/\/zonaroja.com.mx\/index.php?rest_route=\/wp\/v2\/media\/86344"}],"wp:attachment":[{"href":"https:\/\/zonaroja.com.mx\/index.php?rest_route=%2Fwp%2Fv2%2Fmedia&parent=87242"}],"wp:term":[{"taxonomy":"category","embeddable":true,"href":"https:\/\/zonaroja.com.mx\/index.php?rest_route=%2Fwp%2Fv2%2Fcategories&post=87242"},{"taxonomy":"post_tag","embeddable":true,"href":"https:\/\/zonaroja.com.mx\/index.php?rest_route=%2Fwp%2Fv2%2Ftags&post=87242"}],"curies":[{"name":"wp","href":"https:\/\/api.w.org\/{rel}","templated":true}]}}