{"id":87244,"date":"2025-11-24T11:15:00","date_gmt":"2025-11-24T17:15:00","guid":{"rendered":"https:\/\/zonaroja.com.mx\/?p=87244"},"modified":"2025-11-24T08:37:52","modified_gmt":"2025-11-24T14:37:52","slug":"asesinan-a-ex-alcalde-y-lider-social-de-veracruz-en-guerrero-a-un-funcionario","status":"publish","type":"post","link":"https:\/\/zonaroja.com.mx\/?p=87244","title":{"rendered":"Asesinan a ex alcalde y l\u00edder social de Veracruz; en Guerrero, a un funcionario"},"content":{"rendered":"\n<p>Redacci\u00f3n\/Zona Roja Cdmx.<\/p>\n\n\n\n<p>(Informaci\u00f3n de \u201cLa Jornada\u201d)<\/p>\n\n\n\n<p>Ciudad de M\u00e9xico, a 24 de noviembre de 2025.- Juan Carlos Mezhua Campos, ex alcalde y l\u00edder social en la sierra de Zongolica, municipio del centro del estado de Veracruz, fue asesinado ayer por la ma\u00f1ana; el ex edil gobern\u00f3 de 2018 a 2021 por el PRD, y buscaba la creaci\u00f3n de un nuevo partido. El crimen se cometi\u00f3 en el contexto de la visita de la presidenta Claudia Sheinbaum a la entidad.<\/p>\n\n\n\n<p>De acuerdo con las autoridades, Mezhua Campos fue citado en la entrada de una calera de su propiedad, en la comunidad de Piedras Blancas, donde ocurri\u00f3 el ataque. Su equipo de trabajo confirm\u00f3 el homicidio y exigi\u00f3 justicia a trav\u00e9s de sus redes sociales.<\/p>\n\n\n\n<p>\u201cCon profunda tristeza informamos que han asesinado a nuestro l\u00edder Juan Carlos Mezhua. Repudiamos las acciones sin resultados de la gobernadora y la Presidenta de la Rep\u00fablica. Aqu\u00ed los resultados de su estrategia de paz, cuando la \u00fanica paz es para los delincuentes. Juan Carlos era un hombre de \u00edntegro y de mucho oficio pol\u00edtico, un gran ser humano\u201d, se\u00f1alaron en su perfil de Facebook.<\/p>\n\n\n\n<p>EN GUERRERO<\/p>\n\n\n\n<p>En Guerrero, Rafael Encarnaci\u00f3n Ram\u00edrez, director de Desarrollo Rural, del municipio de Leonardo Bravo (Chichihualco), en la zona Centro de Guerrero, fue ejecutado en una gasolinera por hombres armados en la carretera Chilpancingo-Chichihualco, en la salida de la cabecera municipal, el fin de semana, inform\u00f3 la polic\u00eda estatal.<\/p>\n\n\n\n<p>Los familiares del funcionario arribaron al sitio y levantaron su cuerpo, no permitieron que las autoridades se llevaran el cad\u00e1ver.<\/p>\n\n\n\n<p>Tras la agresi\u00f3n se realizaron las diligencias correspondientes en la zona donde quedaron los casquillos percutidos, por lo que la Fiscal\u00eda General del Estado abri\u00f3 una carpeta de investigaci\u00f3n.<\/p>\n\n\n\n<p>Cuatro grupos delincuenciales se disputan el territorio, el c\u00e1rtel de la Sierra, Los Jaleacos, Los Ardillos y Los Tlacos.<\/p>\n\n\n\n<p>EN GUANAJUATO<\/p>\n\n\n\n<p>Mientras, en Guanajuato, Gustavo Ni\u00f1o Ju\u00e1rez, oficial de la Agencia de Investigaci\u00f3n Criminal de la Fiscal\u00eda General del Estado, fue ultimado cuando conduc\u00eda una camioneta y dos hombres que circulaban en una motocicleta le dieron alcance y lo atacaron a tiros en su d\u00eda de descanso (s\u00e1bado), en el municipio de Yuriria, informaron autoridades.<\/p>\n\n\n\n<p>Los hechos se perpetraron en la calle San Pablo esquina con Lago de Chapala, en las inmediaciones del malec\u00f3n.<\/p>\n\n\n\n<p>Precisaron que durante la agresi\u00f3n un menor de 14 a\u00f1os, que no viajaba en el veh\u00edculo, result\u00f3 lesionado por un impacto de proyectil en el antebrazo y su salud se reporta estable, pues fue dado de alta el mismo d\u00eda.<\/p>\n\n\n\n<p>En otro hecho, un hombre identificado como Jos\u00e9 Luis N, de 54 a\u00f1os, originario de Hidalgo, y presunto integrante del c\u00e1rtel de Sinaloa, quien conduc\u00eda una camioneta con placas falsas de la Secretar\u00eda de Relaciones Exteriores, fue detenido con 175 paquetes de presunta droga durante una revisi\u00f3n en Tapachula, Chiapas, informaron fuentes oficiales.<\/p>\n","protected":false},"excerpt":{"rendered":"<p>Redacci\u00f3n\/Zona Roja Cdmx. (Informaci\u00f3n de \u201cLa Jornada\u201d) Ciudad de M\u00e9xico, a 24 de noviembre de&hellip;<\/p>\n","protected":false},"author":2,"featured_media":85627,"comment_status":"closed","ping_status":"open","sticky":false,"template":"","format":"standard","meta":{"_lmt_disableupdate":"","_lmt_disable":"","_jetpack_memberships_contains_paid_content":false,"footnotes":""},"categories":[109,51],"tags":[],"class_list":["post-87244","post","type-post","status-publish","format-standard","has-post-thumbnail","hentry","category-minuto-a-minuto","category-zona-roja"],"jetpack_featured_media_url":"https:\/\/zonaroja.com.mx\/wp-content\/uploads\/2025\/10\/Escena-del-crimen-seguridad.jpg","jetpack_sharing_enabled":true,"_links":{"self":[{"href":"https:\/\/zonaroja.com.mx\/index.php?rest_route=\/wp\/v2\/posts\/87244","targetHints":{"allow":["GET"]}}],"collection":[{"href":"https:\/\/zonaroja.com.mx\/index.php?rest_route=\/wp\/v2\/posts"}],"about":[{"href":"https:\/\/zonaroja.com.mx\/index.php?rest_route=\/wp\/v2\/types\/post"}],"author":[{"embeddable":true,"href":"https:\/\/zonaroja.com.mx\/index.php?rest_route=\/wp\/v2\/users\/2"}],"replies":[{"embeddable":true,"href":"https:\/\/zonaroja.com.mx\/index.php?rest_route=%2Fwp%2Fv2%2Fcomments&post=87244"}],"version-history":[{"count":1,"href":"https:\/\/zonaroja.com.mx\/index.php?rest_route=\/wp\/v2\/posts\/87244\/revisions"}],"predecessor-version":[{"id":87245,"href":"https:\/\/zonaroja.com.mx\/index.php?rest_route=\/wp\/v2\/posts\/87244\/revisions\/87245"}],"wp:featuredmedia":[{"embeddable":true,"href":"https:\/\/zonaroja.com.mx\/index.php?rest_route=\/wp\/v2\/media\/85627"}],"wp:attachment":[{"href":"https:\/\/zonaroja.com.mx\/index.php?rest_route=%2Fwp%2Fv2%2Fmedia&parent=87244"}],"wp:term":[{"taxonomy":"category","embeddable":true,"href":"https:\/\/zonaroja.com.mx\/index.php?rest_route=%2Fwp%2Fv2%2Fcategories&post=87244"},{"taxonomy":"post_tag","embeddable":true,"href":"https:\/\/zonaroja.com.mx\/index.php?rest_route=%2Fwp%2Fv2%2Ftags&post=87244"}],"curies":[{"name":"wp","href":"https:\/\/api.w.org\/{rel}","templated":true}]}}