{"id":87246,"date":"2025-11-24T10:30:00","date_gmt":"2025-11-24T16:30:00","guid":{"rendered":"https:\/\/zonaroja.com.mx\/?p=87246"},"modified":"2025-11-24T10:56:17","modified_gmt":"2025-11-24T16:56:17","slug":"opinion-a-mitad-de-sexenio-y-con-revocacion-encima","status":"publish","type":"post","link":"https:\/\/zonaroja.com.mx\/?p=87246","title":{"rendered":"Opini\u00f3n. A mitad de sexenio y con revocaci\u00f3n encima"},"content":{"rendered":"\n<p>Ismael Garc\u00eda M.\/Zona Roja.<\/p>\n\n\n\n<p>Oaxaca, Oax., a 24 de noviembre de 2025.- En una semana, el gobernador Salom\u00f3n Jara Cruz llegar\u00e1 a la mitad de su sexenio, con luces y sombras, pero sobre todo con retos que deber\u00e1 afrontar a la brevedad.<\/p>\n\n\n\n<p>Y en ese contexto llega tambi\u00e9n el proceso de Revocaci\u00f3n de Mandato, establecida en la ley desde el inicio de su mandato y que, equivocadamente, algunos peque\u00f1os sectores de oposici\u00f3n se han arrogado la medida.<\/p>\n\n\n\n<p>No hay encuestas nacionales recientes que definan la posici\u00f3n que tiene el militante del Partido Morena a nivel nacional, respecto a la aceptaci\u00f3n popular; meses atr\u00e1s se ha difundido que est\u00e1 en la media nacional y s\u00f3lo un sondeo lo ubica en los \u00faltimos lugares.<\/p>\n\n\n\n<p>Y en el contexto del proceso revocatorio, que enfrenta muchos retos, principalmente el financiero, Jara Cruz est\u00e1 decidido a transitarla, y adem\u00e1s est\u00e1 seguro de que continuar\u00e1 los otros tres a\u00f1os de su administraci\u00f3n. Algo positivo de ello es que el mandatario ha reculado y reconsiderado en muchas acciones.<\/p>\n\n\n\n<p>Sin embargo, los pleitos internos entre los funcionarios han minado su fuerza pol\u00edtica-administrativa, lo que ha derivado en temas de ingobernabilidad, inseguridad y crisis con el magisterio.<\/p>\n\n\n\n<p>\u00bfObras p\u00fablicas? Las hay, aunque ha costado trabajo al gobierno difundir esas acciones y no son de gran envergadura.<\/p>\n\n\n\n<p>\u00bfJusticia contra los funcionarios del gobierno de Alejandro Murat? Se impuso la pol\u00edtica y las negociaciones morenistas a nivel nacional y a tres a\u00f1os, son magros los resultados. <\/p>\n\n\n\n<p>\u00bfY las construcciones \u201celefante blanco\u201d del muratismo, con cr\u00e9dito multimillonario? Ah\u00ed siguen tiradas.<\/p>\n\n\n\n<p>GOBERNABILIDAD<\/p>\n\n\n\n<p>Aunque la Secretar\u00eda de Gobierno niegue con n\u00fameros que han disminuido las marchas, los bloqueos y las protestas, la realidad muestra otra situaci\u00f3n distinta; lo que viven los oaxaque\u00f1os en la capital y el interior del estado, es lo contrario. El ejemplo este lunes. <\/p>\n\n\n\n<p>El magisterio ha subido de tono sus movilizaciones y esta semana las intensifica; las organizaciones sociales siguen reclamando apoyos, como este lunes tambi\u00e9n.<\/p>\n\n\n\n<p>Y en al menos cuatro casos, se ha tomado la grave decisi\u00f3n de utilizar la fuerza p\u00fablica, con violencia, para retirar a manifestantes.<\/p>\n\n\n\n<p>El caso m\u00e1s reciente fue el retiro, el jueves, de habitantes Guadalupe Nata que bloquearon durante tres d\u00edas la caseta de peaje de Suchixtlahuaca para exigir recursos a su cabecera municipal Tequixtepec.<\/p>\n\n\n\n<p>Hace tres a\u00f1os se prometi\u00f3 que habr\u00eda paz en la zona Triqui; hasta el entonces Presidente Andr\u00e9s Manuel L\u00f3pez Obrador lo prometi\u00f3; sin embargo, la realidad es otra y se siguen imponiendo las balas y la violencia.<\/p>\n\n\n\n<p>Quiz\u00e1 lo poco que habr\u00eda que celebrar es el retorno de desplazados de Guadalupe Victoria de San Juan Juquila Mixe, pero hay al menos otra decena de casos similares.<\/p>\n\n\n\n<p>Caso UABJO, aunque es un \u00f3rgano aut\u00f3nomo, indudablemente que la violencia universitaria impacta al estado y opositores han acusado a la misma dependencia de estar inmiscuida en el descontrol y en la sucesi\u00f3n de rector.<\/p>\n\n\n\n<p>Ensimismado en tareas de seguridad, la Secretar\u00eda de Gobierno, adem\u00e1s de la Coordinaci\u00f3n de Delegados Paz, ha olvidado las acciones preventivas, el di\u00e1logo pero sobre todo la atenci\u00f3n, donde hay casos justificados y han estado \u00fanicamente en la contenci\u00f3n de las protestas.<\/p>\n\n\n\n<p>Mucha alharaca en las elecciones por usos y costumbres en municipios del estado, pero la paz y la gobernabilidad en la mayor\u00eda de los casos ha dependido directa y \u00fanicamente de las comunidades.&nbsp;<\/p>\n\n\n\n<p>El di\u00e1logo, que tanto se presume en redes sociales, es el que debe prevalecer en todos los casos y, en muchos de ellos, hay justificaci\u00f3n para protestar.&nbsp;<\/p>\n\n\n\n<p>SEGURIDAD<\/p>\n\n\n\n<p>Si bien el estado se encuentra con bajo \u00edndice delictivo a nivel nacional \u2014en el quinto lugar, seg\u00fan las cifras oficiales federales y estatales\u2014, no deja de haber delitos de alto impacto que preocupan a la sociedad.<\/p>\n\n\n\n<p>Y son en escenarios donde desde hace muchos a\u00f1os se ha reportado una ola criminal, por ejemplo la Costa chica, con el corredor Pinotepa-Jamiltepec.<\/p>\n\n\n\n<p>El Istmo, con Juchit\u00e1n-Tehuantepec-Salina Cruz, as\u00ed como Mat\u00edas Romero y la zona oriente.<\/p>\n\n\n\n<p>Pero llama la atenci\u00f3n que en Juchit\u00e1n \u2014donde gobierna Morena a trav\u00e9s de Miguel S\u00e1nchez y es feudo pol\u00edtico de Emilio Montero\u2014, pese a operativos federales y estatales, como \u201cSable\u201d, los hechos criminales no tienen freno.<\/p>\n\n\n\n<p>El acab\u00f3se fue el asesinato de dos mujeres y un var\u00f3n, as\u00ed como la desaparici\u00f3n de una menor de cuatro a\u00f1os, que un d\u00eda despu\u00e9s fue hallada sin vida.<\/p>\n\n\n\n<p>La Fiscal\u00eda General reporta la presencia de 500 elementos en la zona, as\u00ed como el desmantelamiento de una c\u00e9lula delictiva, pero siguen los hechos violentos; la Secretar\u00eda de Seguridad y Protecci\u00f3n Ciudadana informa continuamente de los operativos, pero la pol\u00edtica se define en la Secretar\u00eda de Gobierno, que incluso ahora es mencionada en boletines como parte de la mesa de seguridad.&nbsp;<\/p>\n\n\n\n<p>\u00bfQu\u00e9 falla? Porque situaci\u00f3n parecida se vive en Huajuapan de Le\u00f3n y municipios aleda\u00f1os; San Juan Bautista Tuxtepec y otros municipios de la Cuenca; Miahuatl\u00e1n y sus alrededores. \u00bfQu\u00e9 falta?<\/p>\n\n\n\n<p>MAGISTERIO<\/p>\n\n\n\n<p>Despu\u00e9s del paro de labores de casi tres semanas, con \u201cplant\u00f3n\u201d en la Ciudad de M\u00e9xico y sin movilizaciones en Oaxaca, tanto la CNTE como la Secci\u00f3n 22 del Sindicato Nacional de Trabajadores de la Educaci\u00f3n ha ido recobrando fuerza.<\/p>\n\n\n\n<p>Sin embargo, a pesar de que pr\u00e1cticamente la totalidad de las demandas son de orden federal, en la entidad no han parado las protestas con bloqueo de calles y oficinas.<\/p>\n\n\n\n<p>Hace tres semanas, era pr\u00e1cticamente una lista programada de sectores quienes se movilizaban; a nivel general, ha habido dos paros de clases.&nbsp;<\/p>\n\n\n\n<p>Esta semana, hay dos movilizaciones, una el 25 de noviembre y otra el d\u00eda 27, mientras que el pasado viernes y s\u00e1bado, las regiones Istmo y Mixteca protestaron y gritaron a la Presidenta de M\u00e9xico.<\/p>\n\n\n\n<p>Eso evidentemente refleja un descontrol por parte del IEEPO, que a\u00fan encabeza Emilio Montero P\u00e9rez, y que deriva en una problem\u00e1tica generalizada para el gobierno; las causas: el funcionario est\u00e1 m\u00e1s entretenido en su carrera pol\u00edtica en Juchit\u00e1n y en el Istmo, que en su encargo.<\/p>\n\n\n\n<p>LAS POL\u00c9MICAS<\/p>\n\n\n\n<p>\u00bfSimpat\u00eda y respaldo de la Presidenta Claudia Sheinbaum al gobierno de Jara? El impulso federal al estado lo dice todo y apenas se confirm\u00f3 el fin de semana con la visita en que se inauguraron estaciones del Tren Interoce\u00e1nico en el Istmo y se revisaron las obras carreteras en la Mixteca.<\/p>\n\n\n\n<p>\u00bfNepotismo? Quiz\u00e1 no t\u00e9cnicamente, jur\u00eddicamente, pero s\u00ed moralmente en muchos casos, como ya lo reconsider\u00f3 recientemente No\u00e9 Jara Cruz. Habr\u00e1 que revisar los dem\u00e1s casos, si impactan o afectan al mandatario.<\/p>\n\n\n\n<p>El proceso de Revocaci\u00f3n de Mandato va, pero el gobierno estatal y el IEEPCO han dejado que la jornada sea manipulada por un grupo minoritario, principalmente del Partido del Trabajo, lo que, al menos en redes sociales, ha creado otra percepci\u00f3n.<\/p>\n\n\n\n<p>En el Congreso del Estado hubo modificaciones a la norma respectiva, por cierto impulsadas por un priista, pero fueron \u00fanicamente en los plazos, aunque no afectan el proceso.<\/p>\n\n\n\n<p>Jara Cruz ha reiterado que va a estos comicios, pero a\u00fan no se garantiza el presupuesto para operar la votaci\u00f3n del mecanismo que ya est\u00e1 en marcha; por lo pronto est\u00e1 en la segunda fase, en que ya se reuni\u00f3 la cantidad de firmas para solicitar formalmente la realizaci\u00f3n del proceso.<\/p>\n\n\n\n<p>No hay manera de que la mayor\u00eda decida la revocaci\u00f3n del mandatario estatal, primero por la cantidad de votos que se quiere y segundo porque Jara Cruz no ha dejado de recorrer el estado para supervisar, inaugurar y comprometer obras.<\/p>\n\n\n\n<p>As\u00ed que continuar\u00e1 su mandato hasta finalizar los seis a\u00f1os, pero indudablemente que deber\u00e1 recomponer su gabinete, pues hay muchas fallas en diversas \u00e1reas, como educaci\u00f3n, del trabajo, de la mujer, seguridad, entre otros.<\/p>\n\n\n\n<p>Y, principalmente \u2014si quiere transitar en orden y cerrar un gobierno diferente, \u201ccomo nunca antes\u201d\u2014, llamar al orden a sus funcionarios de gabinete, pues muchos de ellos se dedican a la grilla pol\u00edtica futurista y descuidan su labor, con las consecuentes afectaciones al gobierno.<\/p>\n\n\n\n<p>S\u00ed, falta un golpe de tim\u00f3n y poner orden en el gobierno; ser m\u00e1s tolerante con las demandas sociales; escuchar m\u00e1s a la gente; saldar la deuda social y sobre todo hacer justicia con los latrocinios del pasado. \u00bfLo har\u00e1 Salom\u00f3n Jara Cruz?<\/p>\n","protected":false},"excerpt":{"rendered":"<p>Ismael Garc\u00eda M.\/Zona Roja. Oaxaca, Oax., a 24 de noviembre de 2025.- En una semana,&hellip;<\/p>\n","protected":false},"author":2,"featured_media":67764,"comment_status":"closed","ping_status":"open","sticky":false,"template":"","format":"standard","meta":{"_lmt_disableupdate":"","_lmt_disable":"","_jetpack_memberships_contains_paid_content":false,"footnotes":""},"categories":[456,109,48],"tags":[1353],"class_list":["post-87246","post","type-post","status-publish","format-standard","has-post-thumbnail","hentry","category-columna","category-minuto-a-minuto","category-zona-critica","tag-opinion-zona-critica"],"jetpack_featured_media_url":"https:\/\/zonaroja.com.mx\/wp-content\/uploads\/2024\/04\/Opinion-Zona-Roja-Ismael-Garcia.jpg","jetpack_sharing_enabled":true,"_links":{"self":[{"href":"https:\/\/zonaroja.com.mx\/index.php?rest_route=\/wp\/v2\/posts\/87246","targetHints":{"allow":["GET"]}}],"collection":[{"href":"https:\/\/zonaroja.com.mx\/index.php?rest_route=\/wp\/v2\/posts"}],"about":[{"href":"https:\/\/zonaroja.com.mx\/index.php?rest_route=\/wp\/v2\/types\/post"}],"author":[{"embeddable":true,"href":"https:\/\/zonaroja.com.mx\/index.php?rest_route=\/wp\/v2\/users\/2"}],"replies":[{"embeddable":true,"href":"https:\/\/zonaroja.com.mx\/index.php?rest_route=%2Fwp%2Fv2%2Fcomments&post=87246"}],"version-history":[{"count":2,"href":"https:\/\/zonaroja.com.mx\/index.php?rest_route=\/wp\/v2\/posts\/87246\/revisions"}],"predecessor-version":[{"id":87255,"href":"https:\/\/zonaroja.com.mx\/index.php?rest_route=\/wp\/v2\/posts\/87246\/revisions\/87255"}],"wp:featuredmedia":[{"embeddable":true,"href":"https:\/\/zonaroja.com.mx\/index.php?rest_route=\/wp\/v2\/media\/67764"}],"wp:attachment":[{"href":"https:\/\/zonaroja.com.mx\/index.php?rest_route=%2Fwp%2Fv2%2Fmedia&parent=87246"}],"wp:term":[{"taxonomy":"category","embeddable":true,"href":"https:\/\/zonaroja.com.mx\/index.php?rest_route=%2Fwp%2Fv2%2Fcategories&post=87246"},{"taxonomy":"post_tag","embeddable":true,"href":"https:\/\/zonaroja.com.mx\/index.php?rest_route=%2Fwp%2Fv2%2Ftags&post=87246"}],"curies":[{"name":"wp","href":"https:\/\/api.w.org\/{rel}","templated":true}]}}