{"id":87256,"date":"2025-11-24T17:00:33","date_gmt":"2025-11-24T23:00:33","guid":{"rendered":"https:\/\/zonaroja.com.mx\/?p=87256"},"modified":"2025-11-24T17:00:34","modified_gmt":"2025-11-24T23:00:34","slug":"hallan-asesinado-a-joven-desaparecido-hace-un-mes-en-la-mixteca","status":"publish","type":"post","link":"https:\/\/zonaroja.com.mx\/?p=87256","title":{"rendered":"Hallan asesinado a joven desaparecido hace un mes en la Mixteca"},"content":{"rendered":"\n<p>Raymundo Morales\/Zona Roja.<\/p>\n\n\n\n<p>Oaxaca, Oax., a 24 de noviembre de 2025.- Jes\u00fas P. C., de 19 a\u00f1os de edad, fue hallado sin vida ayer en la localidad de San Mart\u00edn Duraznos, tras ser reportado como desaparecido hace un mes.<\/p>\n\n\n\n<p>Fue visto por \u00faltima vez el 26 de octubre de este a\u00f1o en dicha agencia perteneciente al municipio de San Sebasti\u00e1n Tecomaxtlahuaca, en la regi\u00f3n Mixteca de Oaxaca.<\/p>\n\n\n\n<p>Cuando desapareci\u00f3, vest\u00eda una sudadera de color rojo, pantal\u00f3n de mezclilla y tenis tipo Vans.<\/p>\n\n\n\n<p>De acuerdo con reportes policiacos, este fin de semana fue localizado sin vida y el cuerpo presentaba signos de violencia, entre ellos disparos de arma de fuego.<\/p>\n\n\n\n<p>Hasta el momento se desconocen las causas del homicidio y se investiga a\u00fan si hab\u00eda estado secuestrado previamente.<\/p>\n\n\n\n<p>La Vicefiscal\u00eda Regional de la Mixteca, dependiente de la Fiscal\u00eda General del Estado, mantiene abierta la carpeta de investigaci\u00f3n con la finalidad de esclarecer el caso y procurar justicia.<\/p>\n","protected":false},"excerpt":{"rendered":"<p>Raymundo Morales\/Zona Roja. Oaxaca, Oax., a 24 de noviembre de 2025.- Jes\u00fas P. C., de&hellip;<\/p>\n","protected":false},"author":2,"featured_media":87257,"comment_status":"closed","ping_status":"open","sticky":false,"template":"","format":"standard","meta":{"_lmt_disableupdate":"","_lmt_disable":"","_jetpack_memberships_contains_paid_content":false,"footnotes":""},"categories":[109,51],"tags":[3212],"class_list":["post-87256","post","type-post","status-publish","format-standard","has-post-thumbnail","hentry","category-minuto-a-minuto","category-zona-roja","tag-san-sebastian-tecomaxtlahuaca"],"jetpack_featured_media_url":"https:\/\/zonaroja.com.mx\/wp-content\/uploads\/2025\/11\/Jesus-P-C-desaparecido-Duraznos-Tecomaxtlahuaca-asesinado.jpg","jetpack_sharing_enabled":true,"_links":{"self":[{"href":"https:\/\/zonaroja.com.mx\/index.php?rest_route=\/wp\/v2\/posts\/87256","targetHints":{"allow":["GET"]}}],"collection":[{"href":"https:\/\/zonaroja.com.mx\/index.php?rest_route=\/wp\/v2\/posts"}],"about":[{"href":"https:\/\/zonaroja.com.mx\/index.php?rest_route=\/wp\/v2\/types\/post"}],"author":[{"embeddable":true,"href":"https:\/\/zonaroja.com.mx\/index.php?rest_route=\/wp\/v2\/users\/2"}],"replies":[{"embeddable":true,"href":"https:\/\/zonaroja.com.mx\/index.php?rest_route=%2Fwp%2Fv2%2Fcomments&post=87256"}],"version-history":[{"count":1,"href":"https:\/\/zonaroja.com.mx\/index.php?rest_route=\/wp\/v2\/posts\/87256\/revisions"}],"predecessor-version":[{"id":87258,"href":"https:\/\/zonaroja.com.mx\/index.php?rest_route=\/wp\/v2\/posts\/87256\/revisions\/87258"}],"wp:featuredmedia":[{"embeddable":true,"href":"https:\/\/zonaroja.com.mx\/index.php?rest_route=\/wp\/v2\/media\/87257"}],"wp:attachment":[{"href":"https:\/\/zonaroja.com.mx\/index.php?rest_route=%2Fwp%2Fv2%2Fmedia&parent=87256"}],"wp:term":[{"taxonomy":"category","embeddable":true,"href":"https:\/\/zonaroja.com.mx\/index.php?rest_route=%2Fwp%2Fv2%2Fcategories&post=87256"},{"taxonomy":"post_tag","embeddable":true,"href":"https:\/\/zonaroja.com.mx\/index.php?rest_route=%2Fwp%2Fv2%2Ftags&post=87256"}],"curies":[{"name":"wp","href":"https:\/\/api.w.org\/{rel}","templated":true}]}}