{"id":87262,"date":"2025-11-24T18:30:00","date_gmt":"2025-11-25T00:30:00","guid":{"rendered":"https:\/\/zonaroja.com.mx\/?p=87262"},"modified":"2025-11-24T17:46:05","modified_gmt":"2025-11-24T23:46:05","slug":"opinion-el-balon-de-la-cnte","status":"publish","type":"post","link":"https:\/\/zonaroja.com.mx\/?p=87262","title":{"rendered":"Opini\u00f3n. El bal\u00f3n de la CNTE"},"content":{"rendered":"\n<p>Isidoro Yescas*<\/p>\n\n\n\n<p>Distanciados y hasta confrontados con el gobierno federal, las secciones&nbsp;sindicales agrupadas&nbsp;en la CNTE han vuelto a intensificar sus movilizaciones regionales -y en la misma Ciudad de M\u00e9xico- para intentar romper con el \u201cimpasse\u201d en el que se encuentran las negociaciones para abrogar la Ley del ISSSTE 2007.<\/p>\n\n\n\n<p>Acostumbrados a imponer agenda y colocar contra la pared a los gobiernos federal y estatales, ahora han topado con&nbsp;pared,&nbsp;como&nbsp;se evidenci\u00f3 con&nbsp;<\/p>\n\n\n\n<p>su reciente paro de 48 horas y movilizaciones en la&nbsp;Cdmx.&nbsp;Fueron desairados&nbsp;a tal grado que ni siquiera hubo intento alguno por reinstalar la mesa tripartita&nbsp;gobierno federal, estatal y Secci\u00f3n&nbsp;22.<\/p>\n\n\n\n<p>Ahora, y aprovechando su gira por Oaxaca, maestros y maestras de la regi\u00f3n de la Mixteca irrumpieron en un evento oficial llevado a cabo en Teposcolula para lanzar arengas alusivas a sus demandas e inclusive para increpar a la presidenta Sheinbaum.<\/p>\n\n\n\n<p>Un d\u00eda antes, la&nbsp;representaci\u00f3n regional&nbsp;del CES de la Secci\u00f3n 22 en la regi\u00f3n de la Mixteca convoc\u00f3 a \u201cparticipar en el posicionamieto&nbsp;pol\u00edtico ante la llegada de la Presidenta Claudia Sheinbaum Pardo a la comunidad de San Pedro y San Pablo Teposcolula\u2026para que atienda de manera satisfactoria nuestras demandas centrales: abrogaci\u00f3n de la Ley del ISSSTE 2007 y abrogaci\u00f3n de la reforma educativa Pe\u00f1a-AMLO\u201d&nbsp;(oficio&nbsp;S\/N, Secretar\u00eda de Organizaci\u00f3n, 21 de noviembre del 2025).<\/p>\n\n\n\n<p>Llama la atenci\u00f3n este incidente porque, no obstante que es un acuerdo de la CNTE movilizarse en eventos oficiales encabezados por la Presidenta Sheinbaum, en Chiapas no hubo jaloneos ni arengas en contra de la presidenta durante la movilizaci\u00f3n de los maestros y maestras de la Secci\u00f3n&nbsp;7&nbsp;del SNTE.&nbsp;Inclusive, la presidenta les firm\u00f3 los documentos que le presentaron.<\/p>\n\n\n\n<p>\u00bfQu\u00e9 pas\u00f3, entonces, en Oaxaca?&nbsp;Es muy&nbsp;probable&nbsp;que&nbsp;el gobernador Salom\u00f3n Jara no&nbsp;intentara&nbsp;dialogar&nbsp;previamente con la dirigencia seccional para apaciguar \u00e1nimos belicosos&nbsp;y, con pleno conocimiento del anuncio del &nbsp;boicot al evento presidencial, ofrecer sus buenos oficios para evitar que la protesta&nbsp;se radicalizara&nbsp;al extremo que&nbsp;el&nbsp;contingente&nbsp;de maestros mixtecos invadiera &nbsp;el \u00e1rea en donde se desarrollaba el evento presidencial.&nbsp;<\/p>\n\n\n\n<p>Y luego&nbsp;los jaloneos con un grupo de&nbsp;seguridad, los gritos de \u201cfuera&nbsp;Claudia\u201dy&nbsp;la exigencia de que se atendieran&nbsp;sus demandas.<\/p>\n\n\n\n<p>En Chiapas, en cambio, todo indica que hubo cabildeo previo y que el gobernador Eduardo Ram\u00edrez Aguilar bien pudo ser el facilitador&nbsp;del &nbsp;singular&nbsp;encuentro&nbsp;&nbsp;en t\u00e9rminos de respeto mutuo entre el magisterio chiapaneco y la presidenta Sheinbaum .<\/p>\n\n\n\n<p>Jara y Ram\u00edrez son morenistas, pero todo indica que no son lo mismo.<\/p>\n\n\n\n<p>Y, por cierto, tambi\u00e9n en Juchit\u00e1n,&nbsp;en donde el crimen organizado ha sentado sus reales y la violencia est\u00e1 imparable,&nbsp;la presidente recibi\u00f3 abucheos.&nbsp;\u00bfDe parte de qui\u00e9n?&nbsp;&nbsp;&nbsp;<\/p>\n\n\n\n<p>X: @YescasIsidoro &nbsp;<\/p>\n\n\n\n<p>Facebook:&nbsp;IsidoroYescas<\/p>\n","protected":false},"excerpt":{"rendered":"<p>Isidoro Yescas* Distanciados y hasta confrontados con el gobierno federal, las secciones&nbsp;sindicales agrupadas&nbsp;en la CNTE&hellip;<\/p>\n","protected":false},"author":2,"featured_media":71623,"comment_status":"closed","ping_status":"open","sticky":false,"template":"","format":"standard","meta":{"_lmt_disableupdate":"","_lmt_disable":"","_jetpack_memberships_contains_paid_content":false,"footnotes":""},"categories":[456,109],"tags":[3998],"class_list":["post-87262","post","type-post","status-publish","format-standard","has-post-thumbnail","hentry","category-columna","category-minuto-a-minuto","tag-isidoro-yescas-martinez"],"jetpack_featured_media_url":"https:\/\/zonaroja.com.mx\/wp-content\/uploads\/2024\/08\/Opinion.-Isidoro-Yescas.jpg","jetpack_sharing_enabled":true,"_links":{"self":[{"href":"https:\/\/zonaroja.com.mx\/index.php?rest_route=\/wp\/v2\/posts\/87262","targetHints":{"allow":["GET"]}}],"collection":[{"href":"https:\/\/zonaroja.com.mx\/index.php?rest_route=\/wp\/v2\/posts"}],"about":[{"href":"https:\/\/zonaroja.com.mx\/index.php?rest_route=\/wp\/v2\/types\/post"}],"author":[{"embeddable":true,"href":"https:\/\/zonaroja.com.mx\/index.php?rest_route=\/wp\/v2\/users\/2"}],"replies":[{"embeddable":true,"href":"https:\/\/zonaroja.com.mx\/index.php?rest_route=%2Fwp%2Fv2%2Fcomments&post=87262"}],"version-history":[{"count":1,"href":"https:\/\/zonaroja.com.mx\/index.php?rest_route=\/wp\/v2\/posts\/87262\/revisions"}],"predecessor-version":[{"id":87263,"href":"https:\/\/zonaroja.com.mx\/index.php?rest_route=\/wp\/v2\/posts\/87262\/revisions\/87263"}],"wp:featuredmedia":[{"embeddable":true,"href":"https:\/\/zonaroja.com.mx\/index.php?rest_route=\/wp\/v2\/media\/71623"}],"wp:attachment":[{"href":"https:\/\/zonaroja.com.mx\/index.php?rest_route=%2Fwp%2Fv2%2Fmedia&parent=87262"}],"wp:term":[{"taxonomy":"category","embeddable":true,"href":"https:\/\/zonaroja.com.mx\/index.php?rest_route=%2Fwp%2Fv2%2Fcategories&post=87262"},{"taxonomy":"post_tag","embeddable":true,"href":"https:\/\/zonaroja.com.mx\/index.php?rest_route=%2Fwp%2Fv2%2Ftags&post=87262"}],"curies":[{"name":"wp","href":"https:\/\/api.w.org\/{rel}","templated":true}]}}