{"id":87265,"date":"2025-11-24T20:26:49","date_gmt":"2025-11-25T02:26:49","guid":{"rendered":"https:\/\/zonaroja.com.mx\/?p=87265"},"modified":"2025-11-24T20:26:51","modified_gmt":"2025-11-25T02:26:51","slug":"denuncian-a-directora-por-acoso-y-discriminacion-en-secundaria-de-cuilapam","status":"publish","type":"post","link":"https:\/\/zonaroja.com.mx\/?p=87265","title":{"rendered":"Denuncian a directora por acoso y discriminaci\u00f3n en secundaria de Cuil\u00e1pam"},"content":{"rendered":"\n<p>Lisbeth Mej\u00eda Reyes\/Zona Roja.<\/p>\n\n\n\n<p>Oaxaca, Oax., a 24 de noviembre de 2025.- Madres y padres de familia de la escuela secundaria \u201cMacedonio Alcal\u00e1\u201d, de la agencia Cruz Blanca, Cuil\u00e1pam de Guerrero, denunciaron a la directora del plantel, Violeta Cuadrado V\u00e1squez, por ejercer y tolerar el acoso escolar. Adem\u00e1s de discriminar a tutores, en especial a quienes son de la comunidad LGBT+.<\/p>\n\n\n\n<p>Este lunes, a una semana de iniciar su protesta en la escuela y tras exigir la atenci\u00f3n de las autoridades educativas, de la Fiscal\u00eda General del Estado y de la Defensor\u00eda de los Derechos Humanos del Pueblo de Oaxaca, el grupo de padres y madres se manifest\u00f3 frente al Palacio de Gobierno, en la capital oaxaque\u00f1a, para exigir la destituci\u00f3n de la docente y castigo penal y administrativo.<\/p>\n\n\n\n<p>Con carteles y en compa\u00f1\u00eda de la abogada Miriam Velasco, del colectivo Sororidad, reiteraron sus denuncias en contra de Violeta Cuadrado V\u00e1squez. Adem\u00e1s de se\u00f1alar que pese a los llamados ante las autoridades y la defensor\u00eda, los casos solo han quedado archivados.<\/p>\n\n\n\n<p>De acuerdo con el comit\u00e9 de padres de familia, a esta escuela asisten alrededor de 290 alumnos, pero la directora ha dado de baja o expulsado a al menos 60 estudiantes que han denunciado el acoso escolar y sexual del que son v\u00edctimas.&nbsp;<\/p>\n\n\n\n<p>Sobre algunos de las maneras en que se ha vivido el acoso escolar, explicaron que la directora proh\u00edbe que las y los estudiantes realicen sus necesidades fisiol\u00f3gicas libremente. Es decir, implement\u00f3 un mecanismo de gafete en forma de \u00abllave\u00bb para que solamente puedan acudir al sanitario cuando regrese su compa\u00f1ero.&nbsp;<\/p>\n\n\n\n<p>Adem\u00e1s de esto, se\u00f1alaron que las instalaciones sanitarias y en general de la escuela est\u00e1n sin mantenimiento.<\/p>\n\n\n\n<p>En conferencia de prensa, tambi\u00e9n denunciaron que desde hace tres ciclos escolares la directora ha hecho de la instituci\u00f3n un negocio, pues adem\u00e1s de cobrar por diversos conceptos y no transparentar los recursos tambi\u00e9n obliga a los alumnos a vender productos chatarra.<\/p>\n\n\n\n<p>Miriam Velasco, del colectivo Sororidad, detall\u00f3 que en el caso de discriminaci\u00f3n a un tutor de la comunidad LGBT, la Fiscal\u00eda General del Estado solamente hizo un acta de hechos al desestimar las acusaciones.<\/p>\n\n\n\n<p>En tanto, el Instituto Estatal de Educaci\u00f3n P\u00fablica de Oaxaca (IEEPO) tampoco ha avanzado en el caso, pues les exige m\u00e1s pruebas del acoso escolar (bullying) acoso y sexual.<\/p>\n\n\n\n<p>De igual manera, explic\u00f3 que la Defensor\u00eda de los Derechos Humanos del Pueblo de Oaxaca concluy\u00f3 el expediente de queja de una menor al se\u00f1alar que no hab\u00eda m\u00e1s evidencias para continuar la investigaci\u00f3n.<\/p>\n\n\n\n<p>Ante esta situaci\u00f3n, las y los tutores reiteraron su exigencia al gobierno estatal y dem\u00e1s autoridades para que intervengan y se garanticen los derechos de sus hijos.<\/p>\n\n\n\n<figure class=\"wp-block-embed is-type-rich is-provider-twitter wp-block-embed-twitter\"><div class=\"wp-block-embed__wrapper\">\n<div class=\"twitter-tweet\"><blockquote class=\"twitter-tweet\" data-lang=\"es\"><p lang=\"es\" dir=\"ltr\"><a href=\"https:\/\/twitter.com\/hashtag\/AlMomento?src=hash&amp;ref_src=twsrc%5Etfw\">#AlMomento<\/a> <br>Padres de familia con hijos en la escuela secundaria \u201cMacedonio Alcal\u00e1\u201d de Cuil\u00e1pam de Guerrero protestan en el z\u00f3calo, para exigir atenci\u00f3n a una problem\u00e1tica con el personal docente, as\u00ed como la renuncia de la directora Violeta Cuadrado. <a href=\"https:\/\/t.co\/MyULvixEjw\">pic.twitter.com\/MyULvixEjw<\/a><\/p>&mdash; Zona Roja Oaxaca (@ZonaRoja_Oaxaca) <a href=\"https:\/\/twitter.com\/ZonaRoja_Oaxaca\/status\/1992993927377584263?ref_src=twsrc%5Etfw\">24 de noviembre de 2025<\/a><\/blockquote><\/div>\n<\/div><\/figure>\n","protected":false},"excerpt":{"rendered":"<p>Lisbeth Mej\u00eda Reyes\/Zona Roja. Oaxaca, Oax., a 24 de noviembre de 2025.- Madres y padres&hellip;<\/p>\n","protected":false},"author":2,"featured_media":87267,"comment_status":"closed","ping_status":"open","sticky":false,"template":"","format":"standard","meta":{"_lmt_disableupdate":"","_lmt_disable":"","_jetpack_memberships_contains_paid_content":false,"footnotes":""},"categories":[109,47],"tags":[1719],"class_list":["post-87265","post","type-post","status-publish","format-standard","has-post-thumbnail","hentry","category-minuto-a-minuto","category-zona-gris","tag-cuilapam-de-guerrero"],"jetpack_featured_media_url":"https:\/\/zonaroja.com.mx\/wp-content\/uploads\/2025\/11\/Conferencia-secundaria-Cuilapam.jpg","jetpack_sharing_enabled":true,"_links":{"self":[{"href":"https:\/\/zonaroja.com.mx\/index.php?rest_route=\/wp\/v2\/posts\/87265","targetHints":{"allow":["GET"]}}],"collection":[{"href":"https:\/\/zonaroja.com.mx\/index.php?rest_route=\/wp\/v2\/posts"}],"about":[{"href":"https:\/\/zonaroja.com.mx\/index.php?rest_route=\/wp\/v2\/types\/post"}],"author":[{"embeddable":true,"href":"https:\/\/zonaroja.com.mx\/index.php?rest_route=\/wp\/v2\/users\/2"}],"replies":[{"embeddable":true,"href":"https:\/\/zonaroja.com.mx\/index.php?rest_route=%2Fwp%2Fv2%2Fcomments&post=87265"}],"version-history":[{"count":1,"href":"https:\/\/zonaroja.com.mx\/index.php?rest_route=\/wp\/v2\/posts\/87265\/revisions"}],"predecessor-version":[{"id":87268,"href":"https:\/\/zonaroja.com.mx\/index.php?rest_route=\/wp\/v2\/posts\/87265\/revisions\/87268"}],"wp:featuredmedia":[{"embeddable":true,"href":"https:\/\/zonaroja.com.mx\/index.php?rest_route=\/wp\/v2\/media\/87267"}],"wp:attachment":[{"href":"https:\/\/zonaroja.com.mx\/index.php?rest_route=%2Fwp%2Fv2%2Fmedia&parent=87265"}],"wp:term":[{"taxonomy":"category","embeddable":true,"href":"https:\/\/zonaroja.com.mx\/index.php?rest_route=%2Fwp%2Fv2%2Fcategories&post=87265"},{"taxonomy":"post_tag","embeddable":true,"href":"https:\/\/zonaroja.com.mx\/index.php?rest_route=%2Fwp%2Fv2%2Ftags&post=87265"}],"curies":[{"name":"wp","href":"https:\/\/api.w.org\/{rel}","templated":true}]}}