{"id":87269,"date":"2025-11-24T20:45:29","date_gmt":"2025-11-25T02:45:29","guid":{"rendered":"https:\/\/zonaroja.com.mx\/?p=87269"},"modified":"2025-11-24T20:45:31","modified_gmt":"2025-11-25T02:45:31","slug":"opinion-martires-de-ayer-errores-de-hoy-la-asincronia-politica-de-la-iglesia-en-mexico","status":"publish","type":"post","link":"https:\/\/zonaroja.com.mx\/?p=87269","title":{"rendered":"Opini\u00f3n. M\u00e1rtires de ayer, errores de hoy: la asincron\u00eda pol\u00edtica de la iglesia en M\u00e9xico"},"content":{"rendered":"\n<p>Dulce Hemilse Hern\u00e1ndez Mat\u00edas*<\/p>\n\n\n\n<p>Oaxaca, Oax.- Los obispos mexicanos, reunidos en la Asamblea Plenaria celebrada del 10 al 14 de noviembre de 2025, emitieron el documento titulado Iglesia en M\u00e9xico: Memoria y Profec\u00eda-Peregrinos de Esperanza hacia el Centenario de nuestros M\u00e1rtires.&nbsp;<\/p>\n\n\n\n<p>Tras su revisi\u00f3n y an\u00e1lisis, considero que la postura de los obispos es &#8216;asincr\u00f3nica&#8217;, es decir, fuera de tiempo.&nbsp;<\/p>\n\n\n\n<p>En este contexto, el texto eclesi\u00e1stico busca correlacionar la violencia actual bajo el gobierno de la Cuarta Transformaci\u00f3n (4T) con la persecuci\u00f3n religiosa de la Guerra Cristera (1926-1929).&nbsp;<\/p>\n\n\n\n<p>Dicha comparaci\u00f3n se demuestra err\u00f3nea a la luz de fuentes hist\u00f3ricas y legales, pues la Iglesia confunde la incapacidad del Estado en materia de seguridad con una persecuci\u00f3n ideol\u00f3gica.<\/p>\n\n\n\n<p>En preparaci\u00f3n para esto, la Conferencia del Episcopado Mexicano (CEM) imprimi\u00f3 en los \u00faltimos meses, \u00abIglesia en M\u00e9xico: Memoria y Profec\u00eda\u00bb. Este texto aparece en un momento importante para el pa\u00eds: cuando se pasa del gobierno de Andr\u00e9s Manuel L\u00f3pez Obrador a Claudia Sheinbaum.&nbsp;<\/p>\n\n\n\n<p>El mensaje abarca los problemas pr\u00e1cticos que enfrenta la democracia, violencia, corrupci\u00f3n, crisis social, etc.<\/p>\n\n\n\n<p>Sin embargo, el coraz\u00f3n del mensaje ilustra una disonancia cognitiva. M\u00e1s bien, los obispos eligen situar la realidad presente en la historia del \u201cmartirio\u201d. Est\u00e1n preparando a los fieles para el Jubileo de 2025 y, m\u00e1s alarmantemente, para el Centenario de la Guerra Cristera en 2026.&nbsp;<\/p>\n\n\n\n<p>Al hacerlo, la jerarqu\u00eda cat\u00f3lica implica que la Iglesia est\u00e1 enfrentando a un enemigo de hace cien a\u00f1os. Esta postura es asincr\u00f3nica. Intenta leer el presente a trav\u00e9s de las lentes del pasado.&nbsp;<\/p>\n\n\n\n<p>El resultado es un diagn\u00f3stico pastoral bien intencionado y que llama a la paz, pero que no discierne el car\u00e1cter fundamental de la lucha pol\u00edtica actual.<\/p>\n\n\n\n<p>El propio documento de los obispos nombra correctamente los s\u00edntomas que est\u00e1n da\u00f1ando al pa\u00eds. Hablan de la desintegraci\u00f3n del tejido social y de los peligros para la unida familiar.&nbsp;<\/p>\n\n\n\n<p>Inspirados por las ense\u00f1anzas de los Papas Le\u00f3n XIII y Francisco, instan a la unidad interna de la Iglesia para ser \u201cartesanos de la paz\u201d. El texto llama a una \u201cconversi\u00f3n moral\u201dpara frenar la decadencia \u00e9tica del pa\u00eds. Renuevan su apoyo a los migrantes y a las v\u00edctimas de la violencia.<\/p>\n\n\n\n<p>Hasta ahora, el mensaje ha servido tanto a fines pastorales como sociales. Donde radica el problema es en su lectura pol\u00edtica. Los obispos politizan la memoria hist\u00f3rica al conectar la angustia actual con las haza\u00f1as de los m\u00e1rtires cristeros. Sugieren que el ambiente hostil de hoy requiere tanta resistencia heroica como lo hizo en 1926.&nbsp;<\/p>\n\n\n\n<p>Este enfoque trata de ganar una campa\u00f1a de nostalgia a trav\u00e9s de la base cat\u00f3lica, pero no logra apreciar el cambio legal y social de los \u00faltimos cien a\u00f1os.<\/p>\n\n\n\n<p>La Guerra Cristera no fue un simple conflicto diplom\u00e1tico. Fue una guerra civil provocada por la aplicaci\u00f3n ultraestricta de la Constituci\u00f3n de 1917, espec\u00edficamente el Art\u00edculo 130.&nbsp;<\/p>\n\n\n\n<p>El detonante fue la \u00abLey de Reformas al C\u00f3digo Penal\u00bb, o Ley Calles. Esta regulaci\u00f3n, defendida por el presidente Plutarco El\u00edas Calles, ten\u00eda un \u00fanico prop\u00f3sito: someter a la Iglesia al control total del Estado. No era necesariamente una cuesti\u00f3n de seguridad, sino m\u00e1s bien de supervivencia institucional.<\/p>\n\n\n\n<p>La Ley Calles expuls\u00f3 a los sacerdotes extranjeros. Las escuelas cat\u00f3licas y los conventos fueron cerrados. Se prohibi\u00f3 el culto p\u00fablico fuera de los templos, y los sacerdotes deb\u00edan registrarse en el Ministerio del Interior como si fueran empleados p\u00fablicos bajo escrutinio. Los m\u00e1rtires de la \u00e9poca, como San Crist\u00f3bal Magallanes y el Padre Miguel Pro, fueron asesinados por el Estado. El Ej\u00e9rcito Federal ten\u00eda \u00f3rdenes directas para su muerte.\u00a0<\/p>\n\n\n\n<p>Murieron por celebrar misa o administrar sacramentos, un delito considerado federal y llevado a cabo con severo castigo. La fe se hab\u00eda convertido en el objetivo de una pol\u00edtica de extinci\u00f3n.<\/p>\n\n\n\n<p>Esto contrasta completamente con el M\u00e9xico que conocemos. No hay leyes que restrinjan la libertad de culto, esa es la administraci\u00f3n de la Cuarta Transformaci\u00f3n.\u00a0<\/p>\n\n\n\n<p>La Constituci\u00f3n de la Rep\u00fablica (Art\u00edculo 24) garantiza la libertad de convicciones \u00e9ticas, de conciencia y de religi\u00f3n.<\/p>\n\n\n\n<p>Pero hoy las iglesias en M\u00e9xico permanecen abiertas. Los seminarios funcionan sin interferencia estatal. Las procesiones y actos p\u00fablicos de fe (como \u201cDios dame vida\u201d), se realizan todos los d\u00edas, y no hay esfuerzos policiales o militares para hacerlos disolver.&nbsp;<\/p>\n\n\n\n<p>Hoy en d\u00eda no hay un solo sacerdote en prisi\u00f3n por predicar el Evangelio. La lucha entre la iglesia y el gobierno no es una cuesti\u00f3n de teolog\u00eda, es pol\u00edtica, no teol\u00f3gica.<\/p>\n\n\n\n<p>Las actuales administraciones de L\u00f3pez Obrador y Sheinbaum han criticado a la jerarqu\u00eda cat\u00f3lica, pero lo hacen desde una postura ideol\u00f3gica sobre la pobreza y la moral conservadora, no desde una posici\u00f3n legal anticlerical.\u00a0<\/p>\n\n\n\n<p>El gobierno actual tambi\u00e9n utiliza referencias religiosas en su ret\u00f3rica. El &#8216;humanismo mexicano&#8217; proyectado por la 4T siempre cita al Papa Francisco y las virtudes cristianas de la fraternidad.&nbsp;<\/p>\n\n\n\n<p>Esto parecer\u00eda impensable para el r\u00e9gimen de Calles, que quer\u00eda eliminar el fanatismo religioso a trav\u00e9s de la educaci\u00f3n socialista. La falacia de la equivalencia: acci\u00f3n y omisi\u00f3n.<\/p>\n\n\n\n<p>El eslab\u00f3n m\u00e1s d\u00e9bil en el lenguaje de los obispos es la cuesti\u00f3n del origen de la violencia. De hecho, muchos sacerdotes han sido asesinados en los \u00faltimos 10 a\u00f1os.\u00a0<\/p>\n\n\n\n<p>M\u00e9xico est\u00e1 entre los pa\u00edses m\u00e1s peligrosos para ejercer el sacerdocio. Pero el culpable ahora es una persona en evoluci\u00f3n. En 1926, el asesino era el Estado (el soldado, la polic\u00eda, el juez).<\/p>\n\n\n\n<p>El asesino en 2024 es el crimen organizado. Hoy en d\u00eda, los sacerdotes mueren por haber protestado contra el narcotr\u00e1fico, por proteger a los migrantes de los c\u00e1rteles o por quedar atrapados en el fuego cruzado. No mueren por \u00f3rdenes presidenciales.<\/p>\n\n\n\n<p>Aqu\u00ed radica la asincron\u00eda. Al gobierno de la 4T se le llama \u00abomisi\u00f3n\u00bb. Tambi\u00e9n puede ser criticado por haber fallado en una estrategia de seguridad (\u201cabrazos, no balazos\u201d) que ha dejado a la gente, incluidos los cl\u00e9rigos, desprotegidos. Pero la omisi\u00f3n no es en absoluto como la \u00abpersecuci\u00f3n\u00bb.&nbsp;<\/p>\n\n\n\n<p>Plutarco El\u00edas Calles persigui\u00f3 activamente a la Iglesia. El gobierno actual simplemente no ha logrado protegerla como no ha protegido a periodistas y activistas.&nbsp;<\/p>\n\n\n\n<p>Equiparar la incompetencia del Estado con una tiran\u00eda anticlerical es un error anal\u00edtico profundo, que disminuye seriamente la confianza de los obispos.<\/p>\n\n\n\n<p>El uso pol\u00edtico de la memoria. \u00bfPor qu\u00e9 algunas personas del CEM insisten e esta narrativa? La respuesta parece ser sociol\u00f3gica.&nbsp;<\/p>\n\n\n\n<p>La Iglesia Cat\u00f3lica tambi\u00e9n ha perdido una gran cantidad de influencia sobre el p\u00fablico mexicano. El laicismo y las iglesias evang\u00e9licas han disminuido el poder de convocatoria.&nbsp;<\/p>\n\n\n\n<p>Frente a la p\u00e9rdida de su importancia, la jerarqu\u00eda recurre a la \u00e9pica del martirio. Es una estrategia para unir a los fieles contra un \u00fanico \u201cenemigo com\u00fan\u201d. Al vestir de callismo al gobierno actual, intentan revivir una identidad cat\u00f3lica defensiva.&nbsp;<\/p>\n\n\n\n<p>Pero la estrategia tiene sus inconvenientes. La sociedad mexicana hoy es plural. Muchos cat\u00f3licos votaron por la 4T. Muchos creen que no hay persecuci\u00f3n religiosa en su vida cotidiana.&nbsp;<\/p>\n\n\n\n<p>A trav\u00e9s de tales demandas paralel\u00edsticas, los obispos pueden sonar en el proceso ajenos a la realidad vivida por sus propios feligreses.<\/p>\n\n\n\n<p>Las palabras se sienten tan \u201csimples\u201d y redundantes porque evaden la autocr\u00edtica. Y es mucho m\u00e1s f\u00e1cil se\u00f1alar con el dedo a un gobierno \u201chostil\u201d que reconocer que la Iglesia se distanci\u00f3 de las causas populares o perdi\u00f3 la autoridad moral que alguna vez tuvo: sus propios esc\u00e1ndalos internos de pedofilia y encubrimiento.&nbsp;<\/p>\n\n\n\n<p>Conclusi\u00f3n: Hacia una profec\u00eda situada.<\/p>\n\n\n\n<p>El documento de la CXIX Asamblea Plenaria es una oportunidad perdida. Pasando por alto la visi\u00f3n retrospectiva de la Guerra Cristera, la Iglesia no ve el camino. La violencia del narcotr\u00e1fico y la corrupci\u00f3n exige una voz prof\u00e9tica, pero una que est\u00e9 enraizada en el presente.&nbsp;<\/p>\n\n\n\n<p>La postura de los obispos es asincr\u00f3nica porque no luchan contra fantasmas. M\u00e9xico no tiene que prepararse para un nuevo 1926. No habr\u00e1 cierre estatal de templos ni fusilamientos de sacerdotes.&nbsp;<\/p>\n\n\n\n<p>Lo que M\u00e9xico requiere es una asociaci\u00f3n madura. El di\u00e1logo iglesia-estado, puede sonar como si fueran enemigos de una guerra santa, pero son actores con el deber de responsabilidades comunes.<\/p>\n\n\n\n<p>El verdadero enemigo es la cultura de la muerte provocada por el crimen, no la ideolog\u00eda pol\u00edtica detr\u00e1s de cada partido. Solo cuando los obispos dejen de buscar \u00abm\u00e1rtires\u00bb en la pol\u00edtica y en su lugar creen ciudadan\u00eda a partir de lo que sabemos, su mensaje dejar\u00e1 de ser meramente un reflejo del pasado y se convertir\u00e1 en la esperanza de nuestro futuro.\u00a0<\/p>\n\n\n\n<ul class=\"wp-block-list\">\n<li>Licenciada en Comunicaci\u00f3n y en Desarrollo Educativo; Maestra en Historia de M\u00e9xico.<\/li>\n\n\n\n<li>X: @Hemilse<\/li>\n<\/ul>\n","protected":false},"excerpt":{"rendered":"<p>Dulce Hemilse Hern\u00e1ndez Mat\u00edas* Oaxaca, Oax.- Los obispos mexicanos, reunidos en la Asamblea Plenaria celebrada&hellip;<\/p>\n","protected":false},"author":2,"featured_media":87270,"comment_status":"closed","ping_status":"open","sticky":false,"template":"","format":"standard","meta":{"_lmt_disableupdate":"","_lmt_disable":"","_jetpack_memberships_contains_paid_content":false,"footnotes":""},"categories":[456,109],"tags":[4505],"class_list":["post-87269","post","type-post","status-publish","format-standard","has-post-thumbnail","hentry","category-columna","category-minuto-a-minuto","tag-dulce-hemilse-hernandez"],"jetpack_featured_media_url":"https:\/\/zonaroja.com.mx\/wp-content\/uploads\/2025\/11\/Iglesia-catolica.webp","jetpack_sharing_enabled":true,"_links":{"self":[{"href":"https:\/\/zonaroja.com.mx\/index.php?rest_route=\/wp\/v2\/posts\/87269","targetHints":{"allow":["GET"]}}],"collection":[{"href":"https:\/\/zonaroja.com.mx\/index.php?rest_route=\/wp\/v2\/posts"}],"about":[{"href":"https:\/\/zonaroja.com.mx\/index.php?rest_route=\/wp\/v2\/types\/post"}],"author":[{"embeddable":true,"href":"https:\/\/zonaroja.com.mx\/index.php?rest_route=\/wp\/v2\/users\/2"}],"replies":[{"embeddable":true,"href":"https:\/\/zonaroja.com.mx\/index.php?rest_route=%2Fwp%2Fv2%2Fcomments&post=87269"}],"version-history":[{"count":1,"href":"https:\/\/zonaroja.com.mx\/index.php?rest_route=\/wp\/v2\/posts\/87269\/revisions"}],"predecessor-version":[{"id":87271,"href":"https:\/\/zonaroja.com.mx\/index.php?rest_route=\/wp\/v2\/posts\/87269\/revisions\/87271"}],"wp:featuredmedia":[{"embeddable":true,"href":"https:\/\/zonaroja.com.mx\/index.php?rest_route=\/wp\/v2\/media\/87270"}],"wp:attachment":[{"href":"https:\/\/zonaroja.com.mx\/index.php?rest_route=%2Fwp%2Fv2%2Fmedia&parent=87269"}],"wp:term":[{"taxonomy":"category","embeddable":true,"href":"https:\/\/zonaroja.com.mx\/index.php?rest_route=%2Fwp%2Fv2%2Fcategories&post=87269"},{"taxonomy":"post_tag","embeddable":true,"href":"https:\/\/zonaroja.com.mx\/index.php?rest_route=%2Fwp%2Fv2%2Ftags&post=87269"}],"curies":[{"name":"wp","href":"https:\/\/api.w.org\/{rel}","templated":true}]}}